{"id":9969,"date":"2025-10-09T12:59:45","date_gmt":"2025-10-09T10:59:45","guid":{"rendered":"https:\/\/agora.xtec.cat\/iesaballester\/?p=9969"},"modified":"2025-10-09T12:59:45","modified_gmt":"2025-10-09T10:59:45","slug":"engega-la-gimcana-un-mon-de-llengues","status":"publish","type":"post","link":"https:\/\/agora.xtec.cat\/iesaballester\/portada\/engega-la-gimcana-un-mon-de-llengues\/","title":{"rendered":"Engega la gimcana \u201cUn m\u00f3n de lleng\u00fces\u201d"},"content":{"rendered":"<p><span style=\"font-weight: 400;\">Aquesta setmana, el departament de lleng\u00fces del nostre institut ha posat en marxa la gimcana <\/span><b>\u201cUn m\u00f3n de lleng\u00fces\u201d<\/b><span style=\"font-weight: 400;\">, adre\u00e7ada a l\u2019alumnat de tots els nivells educatius.<\/span><\/p>\n<p><span style=\"font-weight: 400;\">L\u2019objectiu principal d\u2019aquesta iniciativa \u00e9s <\/span><b>promoure l\u2019\u00fas i el coneixement de la llengua catalana<\/b><span style=\"font-weight: 400;\">, alhora que es posa en valor la <\/span><b>riquesa de la diversitat ling\u00fc\u00edstica<\/b><span style=\"font-weight: 400;\"> que ens envolta i que forma part del nostre dia a dia.<\/span><\/p>\n<p><span style=\"font-weight: 400;\">Cada quinze dies es publicar\u00e0 un q\u00fcestionari amb sis apartats diferents que conviden a jugar, pensar i aprendre:<\/span><\/p>\n<ul>\n<li style=\"font-weight: 400;\" aria-level=\"1\"><b>Babel<\/b><span style=\"font-weight: 400;\">: preguntes per reflexionar sobre la diversitat ling\u00fc\u00edstica del m\u00f3n com una riquesa compartida.<\/span><\/li>\n<li style=\"font-weight: 400;\" aria-level=\"1\"><b>La catapulta<\/b><span style=\"font-weight: 400;\">: espai dedicat a la normativa i a la correcci\u00f3 de la llengua catalana.<\/span><\/li>\n<li style=\"font-weight: 400;\" aria-level=\"1\"><b>El viatge<\/b><span style=\"font-weight: 400;\">: propostes per descobrir l\u2019origen de les paraules i les hist\u00f2ries sorprenents que amaguen.<\/span><\/li>\n<li style=\"font-weight: 400;\" aria-level=\"1\"><b>El terrer<\/b><span style=\"font-weight: 400;\">: un tast de les paraules i expressions pr\u00f2pies de la nostra zona.<\/span><\/li>\n<li style=\"font-weight: 400;\" aria-level=\"1\"><b>La penya<\/b><span style=\"font-weight: 400;\">: preguntes relacionades amb l\u2019argot juvenil d\u2019ahir i d\u2019avui.<\/span><\/li>\n<li style=\"font-weight: 400;\" aria-level=\"1\"><b>La pla\u00e7a<\/b><span style=\"font-weight: 400;\">: un espai on recollir aquelles paraules que, per la nostra experi\u00e8ncia personal, tenen un valor que va m\u00e9s enll\u00e0 del diccionari.<\/span><\/li>\n<\/ul>\n<p><span style=\"font-weight: 400;\">La gimcana culminar\u00e0 amb un acte de cloenda i el <\/span><b>lliurament de premis<\/b><span style=\"font-weight: 400;\">, coincidint amb la celebraci\u00f3 del <\/span><b>Dia Internacional de la Llengua Materna, la setmana del 21 de febrer<\/b><span style=\"font-weight: 400;\">.<\/span><\/p>\n<p>&nbsp;<\/p>\n<p><a href=\"https:\/\/agora.xtec.cat\/iesaballester\/wp-content\/uploads\/usu14\/2025\/10\/22.png\"><img loading=\"lazy\" decoding=\"async\" class=\"aligncenter size-thumbnail wp-image-9974\" src=\"https:\/\/agora.xtec.cat\/iesaballester\/wp-content\/uploads\/usu14\/2025\/10\/22-150x150.png\" alt=\"\" width=\"150\" height=\"150\" \/><\/a><\/p>\n<p>&nbsp;<\/p>\n<p>&nbsp;<\/p>\n","protected":false},"excerpt":{"rendered":"<p>Aquesta setmana, el departament de lleng\u00fces del nostre institut ha posat en marxa la gimcana \u201cUn m\u00f3n de lleng\u00fces\u201d, adre\u00e7ada a l\u2019alumnat de tots els nivells educatius.<br \/>\nL\u2019objectiu principal d\u2019aquesta iniciativa \u00e9s promoure l\u2019\u00fas i el coneixement de la llengua catalana, alhora que es posa en&hellip;  <a href=\"https:\/\/agora.xtec.cat\/iesaballester\/portada\/engega-la-gimcana-un-mon-de-llengues\/\" title=\"Read Engega la gimcana \u201cUn m\u00f3n de lleng\u00fces\u201d\">Llegeix m\u00e9s\u00bb<\/a><\/p>\n","protected":false},"author":131,"featured_media":9970,"comment_status":"open","ping_status":"open","sticky":false,"template":"","format":"standard","meta":{"_bbp_topic_count":0,"_bbp_reply_count":0,"_bbp_total_topic_count":0,"_bbp_total_reply_count":0,"_bbp_voice_count":0,"_bbp_anonymous_reply_count":0,"_bbp_topic_count_hidden":0,"_bbp_reply_count_hidden":0,"_bbp_forum_subforum_count":0,"footnotes":""},"categories":[246,29],"tags":[],"class_list":["post-9969","post","type-post","status-publish","format-standard","has-post-thumbnail","hentry","category-ll","category-portada"],"post_mailing_queue_ids":[],"_links":{"self":[{"href":"https:\/\/agora.xtec.cat\/iesaballester\/wp-json\/wp\/v2\/posts\/9969","targetHints":{"allow":["GET"]}}],"collection":[{"href":"https:\/\/agora.xtec.cat\/iesaballester\/wp-json\/wp\/v2\/posts"}],"about":[{"href":"https:\/\/agora.xtec.cat\/iesaballester\/wp-json\/wp\/v2\/types\/post"}],"author":[{"embeddable":true,"href":"https:\/\/agora.xtec.cat\/iesaballester\/wp-json\/wp\/v2\/users\/131"}],"replies":[{"embeddable":true,"href":"https:\/\/agora.xtec.cat\/iesaballester\/wp-json\/wp\/v2\/comments?post=9969"}],"version-history":[{"count":4,"href":"https:\/\/agora.xtec.cat\/iesaballester\/wp-json\/wp\/v2\/posts\/9969\/revisions"}],"predecessor-version":[{"id":9976,"href":"https:\/\/agora.xtec.cat\/iesaballester\/wp-json\/wp\/v2\/posts\/9969\/revisions\/9976"}],"wp:featuredmedia":[{"embeddable":true,"href":"https:\/\/agora.xtec.cat\/iesaballester\/wp-json\/wp\/v2\/media\/9970"}],"wp:attachment":[{"href":"https:\/\/agora.xtec.cat\/iesaballester\/wp-json\/wp\/v2\/media?parent=9969"}],"wp:term":[{"taxonomy":"category","embeddable":true,"href":"https:\/\/agora.xtec.cat\/iesaballester\/wp-json\/wp\/v2\/categories?post=9969"},{"taxonomy":"post_tag","embeddable":true,"href":"https:\/\/agora.xtec.cat\/iesaballester\/wp-json\/wp\/v2\/tags?post=9969"}],"curies":[{"name":"wp","href":"https:\/\/api.w.org\/{rel}","templated":true}]}}