{"id":9246,"date":"2024-05-23T12:09:55","date_gmt":"2024-05-23T10:09:55","guid":{"rendered":"https:\/\/agora.xtec.cat\/iesaballester\/?p=9246"},"modified":"2024-05-23T12:09:55","modified_gmt":"2024-05-23T10:09:55","slug":"viatge-a-canet-en-roussillon-perpignan-collioure-i-elna","status":"publish","type":"post","link":"https:\/\/agora.xtec.cat\/iesaballester\/general\/viatge-a-canet-en-roussillon-perpignan-collioure-i-elna\/","title":{"rendered":"Viatge a Canet en Roussillon, Perpignan, Collioure i Elna"},"content":{"rendered":"<p>El passat 6 de maig l\u2019alumnat de l\u2019optativa de franc\u00e8s de 2n, 3r i 4t d&#8217;ESO\u00a0 sortia ben d\u2019hora de Mont-roig del Camp direcci\u00f3 Canet en Roussillon per poder fer un intercanvi cultural i visitar la Catalunya Nord. Des del passat mes d\u2019octubre, els nostres alumnes de 2n i 3r d\u2019ESO s\u2019han estat escrivint cartes amb els estudiants de l\u2019optativa\u00a0 de catal\u00e0 del <em>Coll\u00e8ge la C\u00f4te Radieuse\u00a0<\/em>de\u00a0<em>Canet en Roussillon\u00a0<\/em>i aquest viatge ens va permetre con\u00e8ixer-nos personalment, a m\u00e9s de poder visitar el seu centre. El punt de trobada va ser el mateix institut, on vam poder gaudir d&#8217;una visita guiada que els estudiants francesos van preparar i unes activitats de coneixen\u00e7a. Despr\u00e9s vam dedicar la tarda a visitar el centre hist\u00f2ric de Perpiny\u00e0, on ens allotj\u00e0vem i, despr\u00e9s de sopar unes bones <em>cr\u00eapes, <\/em>la bolera ens va permetre finalitzar el dia amb diversi\u00f3. L\u2019endem\u00e0, el dia 7, vam visitar el Palau dels Reis de Mallorca de Perpiny\u00e0 i tot seguit ens vam dirigir cap a Cotlliure per poder visitar la tomba d\u2019Antonio Machado i el nucli antic d\u2019aquesta vila costanera. Despr\u00e9s de dinar vam tenir l\u2019honor de visitar Elna i la seva Maternitat de la m\u00e0 de l\u2019alcalde d\u2019aquest poble, l\u2019Hble. Sr. Nicol\u00e0s Garc\u00eda, i li vam fer entrega del xec corresponent als diners recaptats durant la 1a cursa solid\u00e0ria IAB per la reconstrucci\u00f3 de la Maternitat. A m\u00e9s, gr\u00e0cies a la Bilbioteca de Cambrils, vam poder fer un donatiu de llibres en catal\u00e0, tant al <em>Coll\u00e8ge la C\u00f4te Radieuse\u00a0<\/em>de\u00a0<em>Canet en Roussillon,\u00a0<\/em>com a Elna. Us deixem algunes fotografies!<a href=\"https:\/\/agora.xtec.cat\/iesaballester\/wp-content\/uploads\/usu14\/2024\/05\/8e024ba8-cbf5-44a8-854b-526d1dd56f53.jpg\"><img loading=\"lazy\" decoding=\"async\" class=\"alignnone size-large wp-image-9247\" src=\"https:\/\/agora.xtec.cat\/iesaballester\/wp-content\/uploads\/usu14\/2024\/05\/8e024ba8-cbf5-44a8-854b-526d1dd56f53-768x1024.jpg\" alt=\"\" width=\"768\" height=\"1024\" srcset=\"https:\/\/agora.xtec.cat\/iesaballester\/wp-content\/uploads\/usu14\/2024\/05\/8e024ba8-cbf5-44a8-854b-526d1dd56f53-768x1024.jpg 768w, https:\/\/agora.xtec.cat\/iesaballester\/wp-content\/uploads\/usu14\/2024\/05\/8e024ba8-cbf5-44a8-854b-526d1dd56f53-225x300.jpg 225w, https:\/\/agora.xtec.cat\/iesaballester\/wp-content\/uploads\/usu14\/2024\/05\/8e024ba8-cbf5-44a8-854b-526d1dd56f53-1152x1536.jpg 1152w, https:\/\/agora.xtec.cat\/iesaballester\/wp-content\/uploads\/usu14\/2024\/05\/8e024ba8-cbf5-44a8-854b-526d1dd56f53.jpg 1536w\" sizes=\"auto, (max-width: 768px) 100vw, 768px\" \/><\/a><a href=\"https:\/\/agora.xtec.cat\/iesaballester\/wp-content\/uploads\/usu14\/2024\/05\/0897d987-068a-418a-aafa-3f07065c78c2.jpg\"><img loading=\"lazy\" decoding=\"async\" class=\"alignnone size-large wp-image-9248\" src=\"https:\/\/agora.xtec.cat\/iesaballester\/wp-content\/uploads\/usu14\/2024\/05\/0897d987-068a-418a-aafa-3f07065c78c2-1024x768.jpg\" alt=\"\" width=\"1024\" height=\"768\" srcset=\"https:\/\/agora.xtec.cat\/iesaballester\/wp-content\/uploads\/usu14\/2024\/05\/0897d987-068a-418a-aafa-3f07065c78c2-1024x768.jpg 1024w, https:\/\/agora.xtec.cat\/iesaballester\/wp-content\/uploads\/usu14\/2024\/05\/0897d987-068a-418a-aafa-3f07065c78c2-300x225.jpg 300w, https:\/\/agora.xtec.cat\/iesaballester\/wp-content\/uploads\/usu14\/2024\/05\/0897d987-068a-418a-aafa-3f07065c78c2-768x576.jpg 768w, https:\/\/agora.xtec.cat\/iesaballester\/wp-content\/uploads\/usu14\/2024\/05\/0897d987-068a-418a-aafa-3f07065c78c2-1536x1152.jpg 1536w, https:\/\/agora.xtec.cat\/iesaballester\/wp-content\/uploads\/usu14\/2024\/05\/0897d987-068a-418a-aafa-3f07065c78c2-200x150.jpg 200w, https:\/\/agora.xtec.cat\/iesaballester\/wp-content\/uploads\/usu14\/2024\/05\/0897d987-068a-418a-aafa-3f07065c78c2.jpg 2048w\" sizes=\"auto, (max-width: 1024px) 100vw, 1024px\" \/><\/a> <a href=\"https:\/\/agora.xtec.cat\/iesaballester\/wp-content\/uploads\/usu14\/2024\/05\/5907afd2-9161-4619-babb-00947125d07e.jpg\"><img loading=\"lazy\" decoding=\"async\" class=\"alignnone size-large wp-image-9249\" src=\"https:\/\/agora.xtec.cat\/iesaballester\/wp-content\/uploads\/usu14\/2024\/05\/5907afd2-9161-4619-babb-00947125d07e-768x1024.jpg\" alt=\"\" width=\"768\" height=\"1024\" srcset=\"https:\/\/agora.xtec.cat\/iesaballester\/wp-content\/uploads\/usu14\/2024\/05\/5907afd2-9161-4619-babb-00947125d07e-768x1024.jpg 768w, https:\/\/agora.xtec.cat\/iesaballester\/wp-content\/uploads\/usu14\/2024\/05\/5907afd2-9161-4619-babb-00947125d07e-225x300.jpg 225w, https:\/\/agora.xtec.cat\/iesaballester\/wp-content\/uploads\/usu14\/2024\/05\/5907afd2-9161-4619-babb-00947125d07e-1152x1536.jpg 1152w, https:\/\/agora.xtec.cat\/iesaballester\/wp-content\/uploads\/usu14\/2024\/05\/5907afd2-9161-4619-babb-00947125d07e.jpg 1536w\" sizes=\"auto, (max-width: 768px) 100vw, 768px\" \/><\/a><\/p>\n","protected":false},"excerpt":{"rendered":"<p>El passat 6 de maig l\u2019alumnat de l\u2019optativa de franc\u00e8s de 2n, 3r i 4t d&#8217;ESO\u00a0 sortia ben d\u2019hora de Mont-roig del Camp direcci\u00f3 Canet en Roussillon per poder fer un intercanvi cultural i visitar la Catalunya Nord. Des del passat mes d\u2019octubre, els nostres&hellip;  <a href=\"https:\/\/agora.xtec.cat\/iesaballester\/general\/viatge-a-canet-en-roussillon-perpignan-collioure-i-elna\/\" title=\"Read Viatge a Canet en Roussillon, Perpignan, Collioure i Elna\">Llegeix m\u00e9s\u00bb<\/a><\/p>\n","protected":false},"author":89,"featured_media":9247,"comment_status":"open","ping_status":"closed","sticky":false,"template":"","format":"standard","meta":{"_bbp_topic_count":0,"_bbp_reply_count":0,"_bbp_total_topic_count":0,"_bbp_total_reply_count":0,"_bbp_voice_count":0,"_bbp_anonymous_reply_count":0,"_bbp_topic_count_hidden":0,"_bbp_reply_count_hidden":0,"_bbp_forum_subforum_count":0,"footnotes":""},"categories":[68,69,70,1,166,29],"tags":[],"class_list":["post-9246","post","type-post","status-publish","format-standard","has-post-thumbnail","hentry","category-eso-2","category-eso-3","category-eso-4","category-general","category-llestr","category-portada"],"post_mailing_queue_ids":[],"_links":{"self":[{"href":"https:\/\/agora.xtec.cat\/iesaballester\/wp-json\/wp\/v2\/posts\/9246","targetHints":{"allow":["GET"]}}],"collection":[{"href":"https:\/\/agora.xtec.cat\/iesaballester\/wp-json\/wp\/v2\/posts"}],"about":[{"href":"https:\/\/agora.xtec.cat\/iesaballester\/wp-json\/wp\/v2\/types\/post"}],"author":[{"embeddable":true,"href":"https:\/\/agora.xtec.cat\/iesaballester\/wp-json\/wp\/v2\/users\/89"}],"replies":[{"embeddable":true,"href":"https:\/\/agora.xtec.cat\/iesaballester\/wp-json\/wp\/v2\/comments?post=9246"}],"version-history":[{"count":1,"href":"https:\/\/agora.xtec.cat\/iesaballester\/wp-json\/wp\/v2\/posts\/9246\/revisions"}],"predecessor-version":[{"id":9250,"href":"https:\/\/agora.xtec.cat\/iesaballester\/wp-json\/wp\/v2\/posts\/9246\/revisions\/9250"}],"wp:featuredmedia":[{"embeddable":true,"href":"https:\/\/agora.xtec.cat\/iesaballester\/wp-json\/wp\/v2\/media\/9247"}],"wp:attachment":[{"href":"https:\/\/agora.xtec.cat\/iesaballester\/wp-json\/wp\/v2\/media?parent=9246"}],"wp:term":[{"taxonomy":"category","embeddable":true,"href":"https:\/\/agora.xtec.cat\/iesaballester\/wp-json\/wp\/v2\/categories?post=9246"},{"taxonomy":"post_tag","embeddable":true,"href":"https:\/\/agora.xtec.cat\/iesaballester\/wp-json\/wp\/v2\/tags?post=9246"}],"curies":[{"name":"wp","href":"https:\/\/api.w.org\/{rel}","templated":true}]}}