{"id":6057,"date":"2021-02-25T16:04:16","date_gmt":"2021-02-25T15:04:16","guid":{"rendered":"https:\/\/agora.xtec.cat\/iesaballester\/?p=6057"},"modified":"2021-02-25T16:04:16","modified_gmt":"2021-02-25T15:04:16","slug":"nou-recurs-tac-al-departament-de-matematiques","status":"publish","type":"post","link":"https:\/\/agora.xtec.cat\/iesaballester\/eso\/nou-recurs-tac-al-departament-de-matematiques\/","title":{"rendered":"Nou recurs TAC al departament de Matem\u00e0tiques"},"content":{"rendered":"<figure class=\"figure wp-caption alignright\"><a href=\"https:\/\/agora.xtec.cat\/iesaballester\/wp-content\/uploads\/usu14\/2021\/02\/IMG_8677_.jpg\"><img loading=\"lazy\" decoding=\"async\" class=\"wp-image-6058\" src=\"https:\/\/agora.xtec.cat\/iesaballester\/wp-content\/uploads\/usu14\/2021\/02\/IMG_8677_-300x257.jpg\" alt=\"Portada de Matheutikos\" width=\"512\" height=\"439\" srcset=\"https:\/\/agora.xtec.cat\/iesaballester\/wp-content\/uploads\/usu14\/2021\/02\/IMG_8677_-300x257.jpg 300w, https:\/\/agora.xtec.cat\/iesaballester\/wp-content\/uploads\/usu14\/2021\/02\/IMG_8677_-768x658.jpg 768w, https:\/\/agora.xtec.cat\/iesaballester\/wp-content\/uploads\/usu14\/2021\/02\/IMG_8677_.jpg 1024w\" sizes=\"auto, (max-width: 512px) 100vw, 512px\" \/><\/a><figcaption class=\"wp-caption-text\">Portada de Matheutikos amb alguns dels temes d&#8217;Aritm\u00e8tica i \u00c0lgebra.<\/figcaption><\/figure>\n<p>Dintre del pla TAC del centre es busquen <span id=\":2t4.37\" class=\"J-JK9eJ-PJVNOc\" role=\"menuitem\" data-g-spell-status=\"2\">cont\u00ednuament<\/span> noves eines TAC que ajudin en <span id=\":2t4.38\" class=\"J-JK9eJ-PJVNOc\" role=\"menuitem\" data-g-spell-status=\"2\">l&#8217;aprenentatge<\/span> dels nostre alumnes. Recentment, des del departament de Matem\u00e0tiques, s&#8217;est\u00e0 avaluant i fent servir de manera pilot una nova eina per practicar matem\u00e0tiques d&#8217;una manera aut\u00f2noma i <span id=\":2t4.41\" class=\"J-JK9eJ-PJVNOc\" role=\"menuitem\" data-g-spell-status=\"2\">gamificada<\/span>. Aquesta eina es diu <span id=\":2t4.42\" class=\"J-JK9eJ-PJVNOc\" role=\"menuitem\" data-g-spell-status=\"2\">Matheutikos<\/span> i est\u00e0 <span id=\":2t4.43\" class=\"J-JK9eJ-PJVNOc\" role=\"menuitem\" data-g-spell-status=\"2\">desenvolupada<\/span> per un grup d&#8217;entusiastes professors i <span id=\":2t4.44\" class=\"J-JK9eJ-PJVNOc\" role=\"menuitem\" data-g-spell-status=\"2\">exprofessors<\/span> de secund\u00e0ria. Existeix una versi\u00f3 <span id=\":2t4.45\" class=\"J-JK9eJ-PJVNOc\" role=\"menuitem\" data-g-spell-status=\"2\">gratuita<\/span> (<a href=\"https:\/\/home.matheutikos.com\/\">https:\/\/home.<span id=\":2t4.46\" class=\"J-JK9eJ-PJVNOc\" role=\"menuitem\" data-g-spell-status=\"2\">matheutikos<\/span>.com\/<\/a>) per\u00f2 la versi\u00f3 amb totes les <span id=\":2t4.47\" class=\"J-JK9eJ-PJVNOc\" role=\"menuitem\" data-g-spell-status=\"2\">funcionalitats<\/span> que estem fent servir \u00e9s de pagament. El departament ha pogut obtenir 40 llic\u00e8ncies gratu\u00eftes dintre d&#8217;aquesta prova pilot.<\/p>\n<p>La idea final de l&#8217;aplicaci\u00f3 <span id=\":2t4.48\" class=\"J-JK9eJ-PJVNOc\" role=\"menuitem\" data-g-spell-status=\"2\">web<\/span> \u00e9s substituir el llibre de text i introduir els diferents conceptes matem\u00e0tiques de manera intu\u00eftiva i pautada. A m\u00e9s ofereix infinitat d&#8217;activitats <span id=\":2t4.50\" class=\"J-JK9eJ-PJVNOc\" role=\"menuitem\" data-g-spell-status=\"2\">autocorregibles<\/span> amb una ajuda pas a pas en el cas de que l&#8217;alumne tingui alguna dificultat per resoldre-la.<\/p>\n<p>Els avantatges d&#8217;aquesta eina s\u00f3n molts, donat que permet establir itineraris diversos per la nostra diversitat en l&#8217;alumnat <span id=\":2t4.51\" class=\"J-JK9eJ-PJVNOc\" role=\"menuitem\" data-g-spell-status=\"2\">posibilitant<\/span> el <span id=\":2t4.52\" class=\"J-JK9eJ-PJVNOc\" role=\"menuitem\" data-g-spell-status=\"2\">desenvolupament<\/span> m\u00e0xim del potencial de cada un d&#8217;ells.<\/p>\n<p><a href=\"https:\/\/agora.xtec.cat\/iesaballester\/wp-content\/uploads\/usu14\/2021\/02\/IMG_8678_.jpeg\"><img loading=\"lazy\" decoding=\"async\" class=\"alignleft wp-image-6065\" src=\"https:\/\/agora.xtec.cat\/iesaballester\/wp-content\/uploads\/usu14\/2021\/02\/IMG_8678_-300x149.jpeg\" alt=\"\" width=\"400\" height=\"199\" srcset=\"https:\/\/agora.xtec.cat\/iesaballester\/wp-content\/uploads\/usu14\/2021\/02\/IMG_8678_-300x149.jpeg 300w, https:\/\/agora.xtec.cat\/iesaballester\/wp-content\/uploads\/usu14\/2021\/02\/IMG_8678_-768x382.jpeg 768w, https:\/\/agora.xtec.cat\/iesaballester\/wp-content\/uploads\/usu14\/2021\/02\/IMG_8678_.jpeg 884w\" sizes=\"auto, (max-width: 400px) 100vw, 400px\" \/><\/a> Se li dona molta import\u00e0ncia a <span id=\":2t4.53\" class=\"J-JK9eJ-PJVNOc\" role=\"menuitem\" data-g-spell-status=\"2\">l&#8217;aprenentatge<\/span> aut\u00f2nom i aix\u00f2 possibilita <span id=\":2t4.54\" class=\"J-JK9eJ-PJVNOc\" role=\"menuitem\" data-g-spell-status=\"2\">desenvolupar<\/span> capacitats com la <span id=\":2t4.55\" class=\"J-JK9eJ-PJVNOc\" role=\"menuitem\" data-g-spell-status=\"2\">concentraci\u00f3<\/span>, la confian\u00e7a i els h\u00e0bits de treball, habilitats <span id=\":2t4.56\" class=\"J-JK9eJ-PJVNOc\" role=\"menuitem\" data-g-spell-status=\"2\">inprescindibles<\/span> en el futur de qualsevol adolescent i que ens porten cap <span id=\":2t4.57\" class=\"J-JK9eJ-PJVNOc\" role=\"menuitem\" data-g-spell-status=\"2\">l&#8217;aprenentatge<\/span> <span id=\":2t4.58\" class=\"J-JK9eJ-PJVNOc\" role=\"menuitem\" data-g-spell-status=\"2\">significatiu<\/span>. Un dels objectius de l&#8217;avaluaci\u00f3 per compet\u00e8ncies \u00e9s ensenyar a aprendre i aquest m\u00e8tode pot ser una eina valuosa per aconseguir aprenents aut\u00f2noms a partir de t\u00e8cniques de <span id=\":2t4.59\" class=\"J-JK9eJ-PJVNOc\" role=\"menuitem\" data-g-spell-status=\"2\">metacognici\u00f3<\/span> i <span id=\":2t4.60\" class=\"J-JK9eJ-PJVNOc\" role=\"menuitem\" data-g-spell-status=\"2\">autoregulaci\u00f3<\/span> de <span id=\":2t4.61\" class=\"J-JK9eJ-PJVNOc\" role=\"menuitem\" data-g-spell-status=\"2\">l&#8217;aprenentatge<\/span>.<\/p>\n","protected":false},"excerpt":{"rendered":"<p><a href=\"https:\/\/agora.xtec.cat\/iesaballester\/wp-content\/uploads\/usu14\/2021\/02\/IMG_8677_.jpg\"><\/a>Portada de Matheutikos amb alguns dels temes d&#8217;Aritm\u00e8tica i \u00c0lgebra.<br \/>\nDintre del pla TAC del centre es busquen cont\u00ednuament noves eines TAC que ajudin en l&#8217;aprenentatge dels nostre alumnes. Recentment, des del departament de Matem\u00e0tiques, s&#8217;est\u00e0 avaluant i fent servir de manera pilot una nova&hellip;  <a href=\"https:\/\/agora.xtec.cat\/iesaballester\/eso\/nou-recurs-tac-al-departament-de-matematiques\/\" title=\"Read Nou recurs TAC al departament de Matem\u00e0tiques\">Llegeix m\u00e9s\u00bb<\/a><\/p>\n","protected":false},"author":71,"featured_media":0,"comment_status":"open","ping_status":"closed","sticky":false,"template":"","format":"standard","meta":{"_bbp_topic_count":0,"_bbp_reply_count":0,"_bbp_total_topic_count":0,"_bbp_total_reply_count":0,"_bbp_voice_count":0,"_bbp_anonymous_reply_count":0,"_bbp_topic_count_hidden":0,"_bbp_reply_count_hidden":0,"_bbp_forum_subforum_count":0,"footnotes":""},"categories":[68,3,250,29],"tags":[],"class_list":["post-6057","post","type-post","status-publish","format-standard","hentry","category-eso-2","category-eso","category-ma","category-portada"],"post_mailing_queue_ids":[],"_links":{"self":[{"href":"https:\/\/agora.xtec.cat\/iesaballester\/wp-json\/wp\/v2\/posts\/6057","targetHints":{"allow":["GET"]}}],"collection":[{"href":"https:\/\/agora.xtec.cat\/iesaballester\/wp-json\/wp\/v2\/posts"}],"about":[{"href":"https:\/\/agora.xtec.cat\/iesaballester\/wp-json\/wp\/v2\/types\/post"}],"author":[{"embeddable":true,"href":"https:\/\/agora.xtec.cat\/iesaballester\/wp-json\/wp\/v2\/users\/71"}],"replies":[{"embeddable":true,"href":"https:\/\/agora.xtec.cat\/iesaballester\/wp-json\/wp\/v2\/comments?post=6057"}],"version-history":[{"count":3,"href":"https:\/\/agora.xtec.cat\/iesaballester\/wp-json\/wp\/v2\/posts\/6057\/revisions"}],"predecessor-version":[{"id":6067,"href":"https:\/\/agora.xtec.cat\/iesaballester\/wp-json\/wp\/v2\/posts\/6057\/revisions\/6067"}],"wp:attachment":[{"href":"https:\/\/agora.xtec.cat\/iesaballester\/wp-json\/wp\/v2\/media?parent=6057"}],"wp:term":[{"taxonomy":"category","embeddable":true,"href":"https:\/\/agora.xtec.cat\/iesaballester\/wp-json\/wp\/v2\/categories?post=6057"},{"taxonomy":"post_tag","embeddable":true,"href":"https:\/\/agora.xtec.cat\/iesaballester\/wp-json\/wp\/v2\/tags?post=6057"}],"curies":[{"name":"wp","href":"https:\/\/api.w.org\/{rel}","templated":true}]}}