{"id":324,"date":"2025-02-17T18:42:26","date_gmt":"2025-02-17T18:42:26","guid":{"rendered":"https:\/\/www.escolablava.iaballester.cat\/?p=324"},"modified":"2025-06-25T13:42:17","modified_gmt":"2025-06-25T11:42:17","slug":"descobrint-la-posidonia-un-dia-inoblidable-a-mallorca","status":"publish","type":"post","link":"https:\/\/agora.xtec.cat\/iesaballester\/projectes_i_recursos\/escola-blava\/descobrint-la-posidonia-un-dia-inoblidable-a-mallorca\/","title":{"rendered":"Descobrint la Posid\u00f2nia: Un Dia Inoblidable a Mallorca"},"content":{"rendered":"\r\n<p>Escrit per Roger Masdeu<\/p>\r\n\r\n\r\n\r\n<p>El primer dia del nostre viatge a Mallorca amb la beca d&#8217;Escola Blava, els ambaixadors de l&#8217;Institut Antoni Ballester vam tenir l&#8217;oportunitat de visitar un centre de posid\u00f2nia en el Port de Pollen\u00e7a. Aquesta experi\u00e8ncia no nom\u00e9s va ser educativa, sin\u00f3 tamb\u00e9 inspiradora, ja que vam aprendre sobre la import\u00e0ncia d&#8217;aquesta planta marina i els desafiaments que enfronta.<\/p>\r\n\r\n\r\n\r\n<p>La nostra jornada va comen\u00e7ar amb una xerrada informativa en un local on ens van explicar tot sobre la posid\u00f2nia. Vam aprendre sobre els seus depredadors, els animals que viuen entre les seves fulles, com s&#8217;alimenta, com es reprodueix i com aconsegueix els nutrients necessaris per cr\u00e9ixer. Tamb\u00e9 vam descobrir les diferents variants d&#8217;aquesta planta i la seva import\u00e0ncia ecol\u00f2gica.<\/p>\r\n\r\n\r\n\r\n<p>Un dels punts m\u00e9s destacats de la xerrada va ser entendre per qu\u00e8 la posid\u00f2nia est\u00e0 en perill d&#8217;extinci\u00f3. Vam aprendre que no hem d&#8217;arrancar-la del fons mar\u00ed, ja que aix\u00f2 pot causar danys irreparables a l&#8217;ecosistema. A m\u00e9s, vam comprendre per qu\u00e8 \u00e9s essencial per la preservaci\u00f3 de les nostres costes, ja que proporciona h\u00e0bitat i aliment a nombroses esp\u00e8cies marines i ajuda a mantenir la qualitat de l&#8217;aigua.<\/p>\r\n\r\n\r\n\r\n<p>Despr\u00e9s de la xerrada, vam passar a una sala equipada amb microscopis. Aqu\u00ed vam tenir l&#8217;oportunitat d&#8217;observar de prop la posid\u00f2nia i els organismes que viuen entre les seves fulles. Va ser emocionant trobar coses que ens havien explicat a la presentaci\u00f3 i, fins i tot, observar animals vius, el que va fer que la nostra experi\u00e8ncia fos encara m\u00e9s especial.<\/p>\r\n\r\n\r\n\r\n<p>Aquest primer dia a Mallorca va ser un recordatori de la import\u00e0ncia de protegir els nostres ecosistemes marins i de la riquesa de la biodiversitat que ens envolta. Com a ambaixadors de l&#8217;Institut Antoni Ballester, ens sentim compromesos a compartir aquest coneixement i a promoure la conservaci\u00f3 de la posid\u00f2nia i d&#8217;altres esp\u00e8cies marines.<\/p>\r\n\r\n\r\n\r\n<p>&nbsp;<\/p>\r\n\r\n\r\n\r\n<figure class=\"wp-block-image size-large\"><img loading=\"lazy\" decoding=\"async\" width=\"1024\" height=\"1024\" class=\"wp-image-326\" src=\"https:\/\/agora.xtec.cat\/iesaballester\/wp-content\/uploads\/usu14\/2025\/03\/plantilla-publicacions-shore-2-1024x1024.jpg\" alt=\"\" srcset=\"https:\/\/agora.xtec.cat\/iesaballester\/wp-content\/uploads\/usu14\/2025\/03\/plantilla-publicacions-shore-2-1024x1024.jpg 1024w, https:\/\/agora.xtec.cat\/iesaballester\/wp-content\/uploads\/usu14\/2025\/03\/plantilla-publicacions-shore-2-300x300.jpg 300w, https:\/\/agora.xtec.cat\/iesaballester\/wp-content\/uploads\/usu14\/2025\/03\/plantilla-publicacions-shore-2-150x150.jpg 150w, https:\/\/agora.xtec.cat\/iesaballester\/wp-content\/uploads\/usu14\/2025\/03\/plantilla-publicacions-shore-2-768x768.jpg 768w, https:\/\/agora.xtec.cat\/iesaballester\/wp-content\/uploads\/usu14\/2025\/03\/plantilla-publicacions-shore-2.jpg 1080w\" sizes=\"auto, (max-width: 1024px) 100vw, 1024px\" \/><\/figure>\r\n","protected":false},"excerpt":{"rendered":"<p>Escrit per Roger Masdeu<\/p>\n<p>El primer dia del nostre viatge a Mallorca amb la beca d&#8217;Escola Blava, els ambaixadors de l&#8217;Institut Antoni Ballester vam tenir l&#8217;oportunitat de visitar un centre de posid\u00f2nia en el Port de Pollen\u00e7a. Aquesta experi\u00e8ncia no nom\u00e9s va ser educativa, sin\u00f3 tamb\u00e9&hellip;  <a href=\"https:\/\/agora.xtec.cat\/iesaballester\/projectes_i_recursos\/escola-blava\/descobrint-la-posidonia-un-dia-inoblidable-a-mallorca\/\" title=\"Read Descobrint la Posid\u00f2nia: Un Dia Inoblidable a Mallorca\">Llegeix m\u00e9s\u00bb<\/a><\/p>\n","protected":false},"author":122,"featured_media":9801,"comment_status":"open","ping_status":"open","sticky":false,"template":"","format":"standard","meta":{"_bbp_topic_count":0,"_bbp_reply_count":0,"_bbp_total_topic_count":0,"_bbp_total_reply_count":0,"_bbp_voice_count":0,"_bbp_anonymous_reply_count":0,"_bbp_topic_count_hidden":0,"_bbp_reply_count_hidden":0,"_bbp_forum_subforum_count":0,"footnotes":""},"categories":[525,518],"tags":[],"class_list":["post-324","post","type-post","status-publish","format-standard","has-post-thumbnail","hentry","category-antoniballester","category-escola-blava"],"post_mailing_queue_ids":[],"_links":{"self":[{"href":"https:\/\/agora.xtec.cat\/iesaballester\/wp-json\/wp\/v2\/posts\/324","targetHints":{"allow":["GET"]}}],"collection":[{"href":"https:\/\/agora.xtec.cat\/iesaballester\/wp-json\/wp\/v2\/posts"}],"about":[{"href":"https:\/\/agora.xtec.cat\/iesaballester\/wp-json\/wp\/v2\/types\/post"}],"author":[{"embeddable":true,"href":"https:\/\/agora.xtec.cat\/iesaballester\/wp-json\/wp\/v2\/users\/122"}],"replies":[{"embeddable":true,"href":"https:\/\/agora.xtec.cat\/iesaballester\/wp-json\/wp\/v2\/comments?post=324"}],"version-history":[{"count":2,"href":"https:\/\/agora.xtec.cat\/iesaballester\/wp-json\/wp\/v2\/posts\/324\/revisions"}],"predecessor-version":[{"id":9802,"href":"https:\/\/agora.xtec.cat\/iesaballester\/wp-json\/wp\/v2\/posts\/324\/revisions\/9802"}],"wp:featuredmedia":[{"embeddable":true,"href":"https:\/\/agora.xtec.cat\/iesaballester\/wp-json\/wp\/v2\/media\/9801"}],"wp:attachment":[{"href":"https:\/\/agora.xtec.cat\/iesaballester\/wp-json\/wp\/v2\/media?parent=324"}],"wp:term":[{"taxonomy":"category","embeddable":true,"href":"https:\/\/agora.xtec.cat\/iesaballester\/wp-json\/wp\/v2\/categories?post=324"},{"taxonomy":"post_tag","embeddable":true,"href":"https:\/\/agora.xtec.cat\/iesaballester\/wp-json\/wp\/v2\/tags?post=324"}],"curies":[{"name":"wp","href":"https:\/\/api.w.org\/{rel}","templated":true}]}}