{"id":2504,"date":"2018-01-17T17:46:01","date_gmt":"2018-01-17T16:46:01","guid":{"rendered":"http:\/\/agora.xtec.cat\/iesaballester\/?p=2504"},"modified":"2018-01-17T17:46:01","modified_gmt":"2018-01-17T16:46:01","slug":"smart-cities-un-repte-actual-de-la-tecnologia","status":"publish","type":"post","link":"https:\/\/agora.xtec.cat\/iesaballester\/general\/dep\/tecno\/smart-cities-un-repte-actual-de-la-tecnologia\/","title":{"rendered":"Smart Cities. Un repte actual de la tecnologia"},"content":{"rendered":"<p style=\"text-align: justify\">\u00a0La tecnologia t\u00e9 per objectiu donar solucions a les necessitats de les persones i de la societat.<\/p>\n<p style=\"text-align: justify\">Tot i que viure en una ciutat comporta molts avantatges, tots sabem que en ocasions es pot convertir en un malson, ja que la gran densitat de poblaci\u00f3 que en elles s&#8217;acumula, implica que tamb\u00e9 es congestionin de tr\u00e0nsit, contaminaci\u00f3 (ambiental, ac\u00fastica, lum\u00ednica&#8230;) i que siguin complicades i cares de gestionar, degut a la seva extensi\u00f3, la quantitat de serveis que s&#8217;han de facilitar, i el volum de gent que aix\u00f2 implica.<\/p>\n<p style=\"text-align: justify\">Amb una correcta i intel\u00b7ligent planificaci\u00f3 i instal\u00b7laci\u00f3 tecnol\u00f2gica, les ciutats podrien baixar els seus nivells de despeses, consums i residus:<\/p>\n<ul style=\"text-align: justify\">\n<li>Gestionant l&#8217;enllumenat de la ciutat<\/li>\n<li>El regadiu autom\u00e0tic dels seus jardins<\/li>\n<li>Fent la recollida de la brossa quan es necessiti (ni massa aviat, ni massa tard)<\/li>\n<li>Facilitant la regulaci\u00f3 del tr\u00e0nsit, per evitar embossaments, tenint una gesti\u00f3 intel\u00b7ligent de l&#8217;aparcament, i fomentar l&#8217;\u00fas de vehicles el\u00e8ctrics amb estacions de rec\u00e0rrega per als mateixos.<\/li>\n<li>Es pot incrementar la seguretat dels habitants amb una adequada xarxa de v\u00eddeo gravaci\u00f3<\/li>\n<li>&#8230;.<\/li>\n<\/ul>\n<p style=\"text-align: justify\">Tot aix\u00f2 i molt m\u00e9s gr\u00e0cies als aven\u00e7os en electr\u00f2nica, i automatitzaci\u00f3.<\/p>\n<p style=\"text-align: justify\">Us deixo un v\u00eddeo i un podcast en relaci\u00f3 amb el tema en q\u00fcesti\u00f3.<\/p>\n<p style=\"text-align: center\"><iframe loading=\"lazy\" src=\"https:\/\/www.youtube.com\/embed\/Br5aJa6MkBc\" width=\"560\" height=\"315\" frameborder=\"0\"><\/iframe><\/p>\n<p><iframe loading=\"lazy\" title=\"Smartcities - Entrevistasconferencias - Ivoox2984448 by ampa pb\" width=\"500\" height=\"400\" scrolling=\"no\" frameborder=\"no\" src=\"https:\/\/w.soundcloud.com\/player\/?visual=true&#038;url=https%3A%2F%2Fapi.soundcloud.com%2Ftracks%2F385007645&#038;show_artwork=true&#038;maxheight=750&#038;maxwidth=500&#038;secret_token=s-zjmts\"><\/iframe><\/p>\n","protected":false},"excerpt":{"rendered":"<p>\u00a0La tecnologia t\u00e9 per objectiu donar solucions a les necessitats de les persones i de la societat.<br \/>\nTot i que viure en una ciutat comporta molts avantatges, tots sabem que en ocasions es pot convertir en un malson, ja que la gran densitat de poblaci\u00f3 que&hellip;  <a href=\"https:\/\/agora.xtec.cat\/iesaballester\/general\/dep\/tecno\/smart-cities-un-repte-actual-de-la-tecnologia\/\" title=\"Read Smart Cities. Un repte actual de la tecnologia\">Llegeix m\u00e9s\u00bb<\/a><\/p>\n","protected":false},"author":1,"featured_media":2530,"comment_status":"open","ping_status":"closed","sticky":false,"template":"","format":"standard","meta":{"_bbp_topic_count":0,"_bbp_reply_count":0,"_bbp_total_topic_count":0,"_bbp_total_reply_count":0,"_bbp_voice_count":0,"_bbp_anonymous_reply_count":0,"_bbp_topic_count_hidden":0,"_bbp_reply_count_hidden":0,"_bbp_forum_subforum_count":0,"footnotes":""},"categories":[245],"tags":[],"class_list":["post-2504","post","type-post","status-publish","format-standard","has-post-thumbnail","hentry","category-tecno"],"post_mailing_queue_ids":[],"_links":{"self":[{"href":"https:\/\/agora.xtec.cat\/iesaballester\/wp-json\/wp\/v2\/posts\/2504","targetHints":{"allow":["GET"]}}],"collection":[{"href":"https:\/\/agora.xtec.cat\/iesaballester\/wp-json\/wp\/v2\/posts"}],"about":[{"href":"https:\/\/agora.xtec.cat\/iesaballester\/wp-json\/wp\/v2\/types\/post"}],"author":[{"embeddable":true,"href":"https:\/\/agora.xtec.cat\/iesaballester\/wp-json\/wp\/v2\/users\/1"}],"replies":[{"embeddable":true,"href":"https:\/\/agora.xtec.cat\/iesaballester\/wp-json\/wp\/v2\/comments?post=2504"}],"version-history":[{"count":1,"href":"https:\/\/agora.xtec.cat\/iesaballester\/wp-json\/wp\/v2\/posts\/2504\/revisions"}],"predecessor-version":[{"id":2532,"href":"https:\/\/agora.xtec.cat\/iesaballester\/wp-json\/wp\/v2\/posts\/2504\/revisions\/2532"}],"wp:featuredmedia":[{"embeddable":true,"href":"https:\/\/agora.xtec.cat\/iesaballester\/wp-json\/wp\/v2\/media\/2530"}],"wp:attachment":[{"href":"https:\/\/agora.xtec.cat\/iesaballester\/wp-json\/wp\/v2\/media?parent=2504"}],"wp:term":[{"taxonomy":"category","embeddable":true,"href":"https:\/\/agora.xtec.cat\/iesaballester\/wp-json\/wp\/v2\/categories?post=2504"},{"taxonomy":"post_tag","embeddable":true,"href":"https:\/\/agora.xtec.cat\/iesaballester\/wp-json\/wp\/v2\/tags?post=2504"}],"curies":[{"name":"wp","href":"https:\/\/api.w.org\/{rel}","templated":true}]}}