{"id":1208,"date":"2017-01-19T15:56:04","date_gmt":"2017-01-19T14:56:04","guid":{"rendered":"http:\/\/agora.xtec.cat\/iesaballester\/?p=1208"},"modified":"2017-01-19T15:56:04","modified_gmt":"2017-01-19T14:56:04","slug":"xerrada-sobre-la-produccio-i-la-postproduccio-dun-film","status":"publish","type":"post","link":"https:\/\/agora.xtec.cat\/iesaballester\/general\/xerrada-sobre-la-produccio-i-la-postproduccio-dun-film\/","title":{"rendered":"Xerrada sobre la producci\u00f3 i la postproducci\u00f3 d\u2019un film."},"content":{"rendered":"<p>El dia 16 de gener, James R. P\u00e9rez, antic alumne de l\u2019institut i que actualment est\u00e0 finalitzant els seus estudis de direcci\u00f3 de cinema, va venir a fer una interessant\u00edssima xerrada a l\u2019alumnat de l\u2019optativa de m\u00fasica de 4t d\u2019ESO sobre\u00a0la preproducci\u00f3, la producci\u00f3 i la postproducci\u00f3 d\u2019un film.<a href=\"http:\/\/agora.xtec.cat\/iesaballester\/wp-content\/uploads\/usu14\/2017\/01\/DSC_0991.jpg\"><img loading=\"lazy\" decoding=\"async\" class=\"aligncenter size-full wp-image-1209\" src=\"http:\/\/agora.xtec.cat\/iesaballester\/wp-content\/uploads\/usu14\/2017\/01\/DSC_0991.jpg\" alt=\"dsc_0991\" width=\"3104\" height=\"1746\" srcset=\"https:\/\/agora.xtec.cat\/iesaballester\/wp-content\/uploads\/usu14\/2017\/01\/DSC_0991.jpg 3104w, https:\/\/agora.xtec.cat\/iesaballester\/wp-content\/uploads\/usu14\/2017\/01\/DSC_0991-300x169.jpg 300w, https:\/\/agora.xtec.cat\/iesaballester\/wp-content\/uploads\/usu14\/2017\/01\/DSC_0991-768x432.jpg 768w, https:\/\/agora.xtec.cat\/iesaballester\/wp-content\/uploads\/usu14\/2017\/01\/DSC_0991-1024x576.jpg 1024w\" sizes=\"auto, (max-width: 3104px) 100vw, 3104px\" \/><\/a> <a href=\"http:\/\/agora.xtec.cat\/iesaballester\/wp-content\/uploads\/usu14\/2017\/01\/DSC_0992.jpg\"><img loading=\"lazy\" decoding=\"async\" class=\"aligncenter size-full wp-image-1210\" src=\"http:\/\/agora.xtec.cat\/iesaballester\/wp-content\/uploads\/usu14\/2017\/01\/DSC_0992.jpg\" alt=\"dsc_0992\" width=\"3104\" height=\"1746\" srcset=\"https:\/\/agora.xtec.cat\/iesaballester\/wp-content\/uploads\/usu14\/2017\/01\/DSC_0992.jpg 3104w, https:\/\/agora.xtec.cat\/iesaballester\/wp-content\/uploads\/usu14\/2017\/01\/DSC_0992-300x169.jpg 300w, https:\/\/agora.xtec.cat\/iesaballester\/wp-content\/uploads\/usu14\/2017\/01\/DSC_0992-768x432.jpg 768w, https:\/\/agora.xtec.cat\/iesaballester\/wp-content\/uploads\/usu14\/2017\/01\/DSC_0992-1024x576.jpg 1024w\" sizes=\"auto, (max-width: 3104px) 100vw, 3104px\" \/><\/a><\/p>\n<p>Vam descobrir que fer una pel\u00b7l\u00edcula no \u00e9s nom\u00e9s feina d\u2019unes setmanes i que hi ha una gran feina abans i despr\u00e9s del rodatge. Ens va explicar, de primera m\u00e0 ja que ell ja ha dirigit alguns curts i ha treballat ja amb actors i actrius, com \u00e9s la feina del director de cinema abans, durant i despr\u00e9s del rodatge.<\/p>\n<p>Amb aquesta xerrada l\u2019alumnat va poder complementar els coneixements que estem tractant ara mateix a l\u2019optativa de m\u00fasica.<\/p>\n<p>Va ser una interessant\u00edssima xerrada en qu\u00e8 ens va explicar an\u00e8cdotes i curiositats de moltes pel\u00b7l\u00edcules.<\/p>\n","protected":false},"excerpt":{"rendered":"<p>El dia 16 de gener, James R. P\u00e9rez, antic alumne de l\u2019institut i que actualment est\u00e0 finalitzant els seus estudis de direcci\u00f3 de cinema, va venir a fer una interessant\u00edssima xerrada a l\u2019alumnat de l\u2019optativa de m\u00fasica de 4t d\u2019ESO sobre\u00a0la preproducci\u00f3, la producci\u00f3 i&hellip;  <a href=\"https:\/\/agora.xtec.cat\/iesaballester\/general\/xerrada-sobre-la-produccio-i-la-postproduccio-dun-film\/\" title=\"Read Xerrada sobre la producci\u00f3 i la postproducci\u00f3 d\u2019un film.\">Llegeix m\u00e9s\u00bb<\/a><\/p>\n","protected":false},"author":1,"featured_media":1210,"comment_status":"open","ping_status":"open","sticky":false,"template":"","format":"standard","meta":{"_bbp_topic_count":0,"_bbp_reply_count":0,"_bbp_total_topic_count":0,"_bbp_total_reply_count":0,"_bbp_voice_count":0,"_bbp_anonymous_reply_count":0,"_bbp_topic_count_hidden":0,"_bbp_reply_count_hidden":0,"_bbp_forum_subforum_count":0,"footnotes":""},"categories":[70,159,3,1,178,29],"tags":[181,94,93],"class_list":["post-1208","post","type-post","status-publish","format-standard","has-post-thumbnail","hentry","category-eso-4","category-dep","category-eso","category-general","category-mu","category-portada","tag-cinema","tag-musica","tag-xerrada"],"post_mailing_queue_ids":[],"_links":{"self":[{"href":"https:\/\/agora.xtec.cat\/iesaballester\/wp-json\/wp\/v2\/posts\/1208","targetHints":{"allow":["GET"]}}],"collection":[{"href":"https:\/\/agora.xtec.cat\/iesaballester\/wp-json\/wp\/v2\/posts"}],"about":[{"href":"https:\/\/agora.xtec.cat\/iesaballester\/wp-json\/wp\/v2\/types\/post"}],"author":[{"embeddable":true,"href":"https:\/\/agora.xtec.cat\/iesaballester\/wp-json\/wp\/v2\/users\/1"}],"replies":[{"embeddable":true,"href":"https:\/\/agora.xtec.cat\/iesaballester\/wp-json\/wp\/v2\/comments?post=1208"}],"version-history":[{"count":1,"href":"https:\/\/agora.xtec.cat\/iesaballester\/wp-json\/wp\/v2\/posts\/1208\/revisions"}],"predecessor-version":[{"id":1211,"href":"https:\/\/agora.xtec.cat\/iesaballester\/wp-json\/wp\/v2\/posts\/1208\/revisions\/1211"}],"wp:featuredmedia":[{"embeddable":true,"href":"https:\/\/agora.xtec.cat\/iesaballester\/wp-json\/wp\/v2\/media\/1210"}],"wp:attachment":[{"href":"https:\/\/agora.xtec.cat\/iesaballester\/wp-json\/wp\/v2\/media?parent=1208"}],"wp:term":[{"taxonomy":"category","embeddable":true,"href":"https:\/\/agora.xtec.cat\/iesaballester\/wp-json\/wp\/v2\/categories?post=1208"},{"taxonomy":"post_tag","embeddable":true,"href":"https:\/\/agora.xtec.cat\/iesaballester\/wp-json\/wp\/v2\/tags?post=1208"}],"curies":[{"name":"wp","href":"https:\/\/api.w.org\/{rel}","templated":true}]}}