{"id":10335,"date":"2026-02-26T11:13:08","date_gmt":"2026-02-26T10:13:08","guid":{"rendered":"https:\/\/agora.xtec.cat\/iesaballester\/?p=10335"},"modified":"2026-02-26T11:13:08","modified_gmt":"2026-02-26T10:13:08","slug":"treballem-lescriptura-des-de-la-vessant-de-la-creacio-literaria","status":"publish","type":"post","link":"https:\/\/agora.xtec.cat\/iesaballester\/portada\/treballem-lescriptura-des-de-la-vessant-de-la-creacio-literaria\/","title":{"rendered":"Treballem l\u2019escriptura des de la vessant de la creaci\u00f3 liter\u00e0ria"},"content":{"rendered":"<p>Aquest mes de febrer i coincidint amb el termini per presentar obres al Concurs Literari de la Vila de Mont-roig, l\u2019Institut Antoni Ballester ha organitzat una parell de tallers, a c\u00e0rrec de l\u2019Escola de Lletres de Tarragona, per estimular la creaci\u00f3 liter\u00e0ria entre l\u2019alumnat del centre. Concretament, s\u2019ha programat, d\u2019una banda, el taller <em>Els nostres monstres,<\/em>\u00a0per als alumnes de l\u2019optativa <em>Imagina, escriu, sorpr\u00e8n<\/em> de 1r d&#8217;ESO. D\u2019altra banda, i per a l\u2019alumnat de Creaci\u00f3 Liter\u00e0ria de 1r de batxillerat, s\u2019ha ofert un taller titulat <em>L&#8217;alqu\u00edmia de la poesia.<\/em><\/p>\n<p>Els dos tallers, a c\u00e0rrec de Jordi Vinyals, pretenen estimular l\u2019escriptura i tamb\u00e9 participaci\u00f3 en el Concurs Literari de la Vila de Mont-roig. Han comptat amb el suport econ\u00f2mic de la Regidoria de Cultura de l\u2019Ajuntament de Mont-roig.<\/p>\n<p><a href=\"https:\/\/agora.xtec.cat\/iesaballester\/wp-content\/uploads\/usu14\/2026\/02\/WhatsApp-Image-2026-02-24-at-19.01.34.jpeg\"><img loading=\"lazy\" decoding=\"async\" class=\"alignnone size-large wp-image-10336\" src=\"https:\/\/agora.xtec.cat\/iesaballester\/wp-content\/uploads\/usu14\/2026\/02\/WhatsApp-Image-2026-02-24-at-19.01.34-1024x768.jpeg\" alt=\"\" width=\"1024\" height=\"768\" srcset=\"https:\/\/agora.xtec.cat\/iesaballester\/wp-content\/uploads\/usu14\/2026\/02\/WhatsApp-Image-2026-02-24-at-19.01.34-1024x768.jpeg 1024w, https:\/\/agora.xtec.cat\/iesaballester\/wp-content\/uploads\/usu14\/2026\/02\/WhatsApp-Image-2026-02-24-at-19.01.34-300x225.jpeg 300w, https:\/\/agora.xtec.cat\/iesaballester\/wp-content\/uploads\/usu14\/2026\/02\/WhatsApp-Image-2026-02-24-at-19.01.34-768x576.jpeg 768w, https:\/\/agora.xtec.cat\/iesaballester\/wp-content\/uploads\/usu14\/2026\/02\/WhatsApp-Image-2026-02-24-at-19.01.34-1536x1152.jpeg 1536w, https:\/\/agora.xtec.cat\/iesaballester\/wp-content\/uploads\/usu14\/2026\/02\/WhatsApp-Image-2026-02-24-at-19.01.34-200x150.jpeg 200w, https:\/\/agora.xtec.cat\/iesaballester\/wp-content\/uploads\/usu14\/2026\/02\/WhatsApp-Image-2026-02-24-at-19.01.34.jpeg 2048w\" sizes=\"auto, (max-width: 1024px) 100vw, 1024px\" \/><\/a><\/p>\n","protected":false},"excerpt":{"rendered":"<p>Aquest mes de febrer i coincidint amb el termini per presentar obres al Concurs Literari de la Vila de Mont-roig, l\u2019Institut Antoni Ballester ha organitzat una parell de tallers, a c\u00e0rrec de l\u2019Escola de Lletres de Tarragona, per estimular la creaci\u00f3 liter\u00e0ria entre l\u2019alumnat del&hellip;  <a href=\"https:\/\/agora.xtec.cat\/iesaballester\/portada\/treballem-lescriptura-des-de-la-vessant-de-la-creacio-literaria\/\" title=\"Read Treballem l\u2019escriptura des de la vessant de la creaci\u00f3 liter\u00e0ria\">Llegeix m\u00e9s\u00bb<\/a><\/p>\n","protected":false},"author":88,"featured_media":10336,"comment_status":"open","ping_status":"open","sticky":false,"template":"","format":"standard","meta":{"_bbp_topic_count":0,"_bbp_reply_count":0,"_bbp_total_topic_count":0,"_bbp_total_reply_count":0,"_bbp_voice_count":0,"_bbp_anonymous_reply_count":0,"_bbp_topic_count_hidden":0,"_bbp_reply_count_hidden":0,"_bbp_forum_subforum_count":0,"footnotes":""},"categories":[73,525,180,251,246,29],"tags":[],"class_list":["post-10335","post","type-post","status-publish","format-standard","has-post-thumbnail","hentry","category-eso-1","category-antoniballester","category-bi","category-concurs-literari","category-ll","category-portada"],"post_mailing_queue_ids":[],"_links":{"self":[{"href":"https:\/\/agora.xtec.cat\/iesaballester\/wp-json\/wp\/v2\/posts\/10335","targetHints":{"allow":["GET"]}}],"collection":[{"href":"https:\/\/agora.xtec.cat\/iesaballester\/wp-json\/wp\/v2\/posts"}],"about":[{"href":"https:\/\/agora.xtec.cat\/iesaballester\/wp-json\/wp\/v2\/types\/post"}],"author":[{"embeddable":true,"href":"https:\/\/agora.xtec.cat\/iesaballester\/wp-json\/wp\/v2\/users\/88"}],"replies":[{"embeddable":true,"href":"https:\/\/agora.xtec.cat\/iesaballester\/wp-json\/wp\/v2\/comments?post=10335"}],"version-history":[{"count":1,"href":"https:\/\/agora.xtec.cat\/iesaballester\/wp-json\/wp\/v2\/posts\/10335\/revisions"}],"predecessor-version":[{"id":10337,"href":"https:\/\/agora.xtec.cat\/iesaballester\/wp-json\/wp\/v2\/posts\/10335\/revisions\/10337"}],"wp:featuredmedia":[{"embeddable":true,"href":"https:\/\/agora.xtec.cat\/iesaballester\/wp-json\/wp\/v2\/media\/10336"}],"wp:attachment":[{"href":"https:\/\/agora.xtec.cat\/iesaballester\/wp-json\/wp\/v2\/media?parent=10335"}],"wp:term":[{"taxonomy":"category","embeddable":true,"href":"https:\/\/agora.xtec.cat\/iesaballester\/wp-json\/wp\/v2\/categories?post=10335"},{"taxonomy":"post_tag","embeddable":true,"href":"https:\/\/agora.xtec.cat\/iesaballester\/wp-json\/wp\/v2\/tags?post=10335"}],"curies":[{"name":"wp","href":"https:\/\/api.w.org\/{rel}","templated":true}]}}