{"id":5638,"date":"2026-04-29T13:10:17","date_gmt":"2026-04-29T11:10:17","guid":{"rendered":"https:\/\/agora.xtec.cat\/ies-vromana-lagarriga\/?p=5638"},"modified":"2026-04-29T13:10:18","modified_gmt":"2026-04-29T11:10:18","slug":"linstitut-es-torna-a-omplir-de-lletres-i-talent","status":"publish","type":"post","link":"https:\/\/agora.xtec.cat\/ies-vromana-lagarriga\/general\/linstitut-es-torna-a-omplir-de-lletres-i-talent\/","title":{"rendered":"L&#8217;institut es torna a omplir de lletres i talent!"},"content":{"rendered":"\n<p>Un any m\u00e9s, la m\u00e0gia de Sant Jordi ha inundat les nostres aules amb el lliurament de premis del Certamen Literari.<\/p>\n\n\n\n<p>Ja tenim aqu\u00ed el veredicte dels Premis Literaris d\u2019enguany! Des del primer cicle d\u2019ESO fins a Batxillerat i Cicles Formatius, les nostres aules s\u2019han omplert de versos, relats, c\u00f2mics i art.\u00a0<\/p>\n\n\n\n<p>Volem felicitar tots els guanyadors i guanyadores i, sobretot, a tothom qui s&#8217;ha animat a participar. Gr\u00e0cies per compartir la vostra veu amb nosaltres.<\/p>\n\n\n\n<h2 class=\"wp-block-heading\"><strong>Classificaci\u00f3 per Categories<\/strong><\/h2>\n\n\n\n<h3 class=\"wp-block-heading\"><strong>Categoria A: 1r Cicle d&#8217;ESO<\/strong><\/h3>\n\n\n\n<ul class=\"wp-block-list\">\n<li><strong>Narraci\u00f3 curta catalana (Merc\u00e8 Rodoreda):<\/strong> Gaia Rodr\u00edguez Vi\u00f1eta (1r ESO A)\u00a0<\/li>\n\n\n\n<li><strong>Narraci\u00f3 curta catalana (Pere Calders):<\/strong> Leo S\u00e1nchez (2n ESO E)\u00a0<\/li>\n\n\n\n<li><strong>Poema en catal\u00e0 (Miquel Mart\u00ed i Pol):<\/strong> D\u00eddac Rodoreda (2n ESO E)\u00a0<\/li>\n\n\n\n<li><strong>Poesia en castell\u00e0 (Jos\u00e9 de Espronceda):<\/strong> Ignasi Codina (1r ESO D)<\/li>\n\n\n\n<li><strong>Narraci\u00f3 curta castell\u00e0 (Carmen Mart\u00edn Gaite):<\/strong> Mirta Nofrre Conill (2n ESO D)\u00a0<\/li>\n\n\n\n<li><strong>Storyboard en angl\u00e8s (Robin Hood):<\/strong> Laia Rodriguez (1r ESO B)<\/li>\n\n\n\n<li><strong>Redacci\u00f3 &#8220;Good Deed&#8221; en angl\u00e8s (Rupi Kaur):<\/strong> Martina Alonso Lorente (2n ESO A)\u00a0<\/li>\n<\/ul>\n\n\n\n<h2 class=\"wp-block-heading\"><\/h2>\n\n\n\n<p><strong>Categoria B: 2n Cicle d&#8217;ESO<\/strong><\/p>\n\n\n\n<ul class=\"wp-block-list\">\n<li><strong>Narraci\u00f3 curta catalana (Tirant i Carmesina):<\/strong> DESERT<\/li>\n\n\n\n<li><strong>Poema en catal\u00e0 (Montserrat Abell\u00f3):<\/strong> Hugo Flores Mart\u00edn (3r ESO C) \u2013<em>,<\/em>Cl\u00e0udia Ar\u00e9valo Retamar (4t ESO A)\u00a0<\/li>\n\n\n\n<li><strong>Narraci\u00f3 curta castell\u00e0 (Azor\u00edn):<\/strong> Meritxell Serrano Rojas (3r ESO C)\u00a0<\/li>\n\n\n\n<li><strong>Poema en castell\u00e0 (G. Adolfo B\u00e9cquer):<\/strong> Vinyet Ros\u00e0s (4t ESO A)\u00a0<\/li>\n\n\n\n<li><strong>Haiku en angl\u00e8s (Emily Dickinson):<\/strong> Biel Ortiz (3r ESO B)\u00a0<\/li>\n\n\n\n<li><strong>C\u00f2mic Sant Jordi en angl\u00e8s (Joe Sacco):<\/strong> Cl\u00e0udia Pellicena (4t ESO E)\u00a0<\/li>\n\n\n\n<li><strong>Cal\u00b7ligrama en franc\u00e8s (G. Apollinaire):<\/strong> Nika Rodr\u00edguez Vinyeta (3r ESO E)\u00a0<\/li>\n<\/ul>\n\n\n\n<h3 class=\"wp-block-heading\"><strong>Categoria C: Batxillerat<\/strong><\/h3>\n\n\n\n<ul class=\"wp-block-list\">\n<li><strong>Narraci\u00f3 curta catalana (Narc\u00eds Oller):<\/strong> Dima Zahorulko (1r Bat B)<\/li>\n\n\n\n<li><strong>Poema en catal\u00e0 (M. Merc\u00e8 Mar\u00e7al):<\/strong> An Bau Visser (2n Bat B)\u00a0<\/li>\n\n\n\n<li><strong>Narraci\u00f3 en castell\u00e0 (Marian Escalona):<\/strong> Lamis Merroun (1r Bat C)\u00a0<\/li>\n\n\n\n<li><strong>Poema en castell\u00e0 (Antonio Machado):<\/strong> Gilda Mestre (2n Bat C)\u00a0<\/li>\n\n\n\n<li><strong>Narraci\u00f3 curta angl\u00e8s (Lewis Carroll):<\/strong> Hargun Singh Shinny (1r Bat B)\u00a0<\/li>\n\n\n\n<li><strong>Text informatiu angl\u00e8s (Margaret Atwood):<\/strong> Laia Pareras (2n Bat B)\u00a0<\/li>\n<\/ul>\n\n\n\n<p><strong>Categoria D: Cicles Formatius<\/strong><\/p>\n\n\n\n<ul class=\"wp-block-list\">\n<li><strong>Narraci\u00f3\/Poesia angl\u00e8s (Mary Shelley &#8211; GA):<\/strong> Mohamed el Amin (2n Admin)<\/li>\n\n\n\n<li><strong>Narraci\u00f3 curta catalana (Narc\u00eds Oller &#8211; Fusta):<\/strong> Ferran Barraza (1r Fusta)\u00a0<\/li>\n\n\n\n<li><strong>Poema en catal\u00e0 (M. Merc\u00e8 Mar\u00e7al &#8211; Fusta):<\/strong> Quim Ribera (1r Fusta)\u00a0<\/li>\n<\/ul>\n\n\n\n<p><strong>Premis d&#8217;Art i Disseny<\/strong><\/p>\n\n\n\n<ul class=\"wp-block-list\">\n<li><strong>Cartell de Sant Jordi 2027 (Ignasi Blanch):<\/strong> Mar Jubero G\u00f3mez (4t ESO C)<\/li>\n\n\n\n<li><strong>Punt de llibre (Pilarin Bay\u00e9s):<\/strong> Ainoa Zabala Sala (1r ESO C)<\/li>\n\n\n\n<li><strong>Bookface (Joan Fontcuberta):<\/strong> Gaia Nonell Garc\u00eda (2n ESO C)<\/li>\n<\/ul>\n\n\n\n<figure class=\"wp-block-gallery has-nested-images columns-default is-cropped wp-block-gallery-1 is-layout-flex wp-block-gallery-is-layout-flex\">\n<figure class=\"wp-block-image size-large\"><a href=\"https:\/\/agora.xtec.cat\/ies-vromana-lagarriga\/wp-content\/uploads\/usu2444\/2026\/04\/sant-jordi-1.jpg\"><img loading=\"lazy\" decoding=\"async\" width=\"768\" height=\"1024\" data-id=\"5642\" src=\"https:\/\/agora.xtec.cat\/ies-vromana-lagarriga\/wp-content\/uploads\/usu2444\/2026\/04\/sant-jordi-1-768x1024.jpg\" alt=\"\" class=\"wp-image-5642\" srcset=\"https:\/\/agora.xtec.cat\/ies-vromana-lagarriga\/wp-content\/uploads\/usu2444\/2026\/04\/sant-jordi-1-768x1024.jpg 768w, https:\/\/agora.xtec.cat\/ies-vromana-lagarriga\/wp-content\/uploads\/usu2444\/2026\/04\/sant-jordi-1-225x300.jpg 225w, https:\/\/agora.xtec.cat\/ies-vromana-lagarriga\/wp-content\/uploads\/usu2444\/2026\/04\/sant-jordi-1-1152x1536.jpg 1152w, https:\/\/agora.xtec.cat\/ies-vromana-lagarriga\/wp-content\/uploads\/usu2444\/2026\/04\/sant-jordi-1.jpg 1536w\" sizes=\"auto, (max-width: 768px) 100vw, 768px\" \/><\/a><figcaption class=\"wp-element-caption\">oplus_1048610<\/figcaption><\/figure>\n\n\n\n<figure class=\"wp-block-image size-large\"><a href=\"https:\/\/agora.xtec.cat\/ies-vromana-lagarriga\/wp-content\/uploads\/usu2444\/2026\/04\/sant-jordi-2.jpg\"><img loading=\"lazy\" decoding=\"async\" width=\"1024\" height=\"768\" data-id=\"5641\" src=\"https:\/\/agora.xtec.cat\/ies-vromana-lagarriga\/wp-content\/uploads\/usu2444\/2026\/04\/sant-jordi-2-1024x768.jpg\" alt=\"\" class=\"wp-image-5641\" srcset=\"https:\/\/agora.xtec.cat\/ies-vromana-lagarriga\/wp-content\/uploads\/usu2444\/2026\/04\/sant-jordi-2-1024x768.jpg 1024w, https:\/\/agora.xtec.cat\/ies-vromana-lagarriga\/wp-content\/uploads\/usu2444\/2026\/04\/sant-jordi-2-300x225.jpg 300w, https:\/\/agora.xtec.cat\/ies-vromana-lagarriga\/wp-content\/uploads\/usu2444\/2026\/04\/sant-jordi-2-768x576.jpg 768w, https:\/\/agora.xtec.cat\/ies-vromana-lagarriga\/wp-content\/uploads\/usu2444\/2026\/04\/sant-jordi-2-1536x1152.jpg 1536w, https:\/\/agora.xtec.cat\/ies-vromana-lagarriga\/wp-content\/uploads\/usu2444\/2026\/04\/sant-jordi-2.jpg 2048w\" sizes=\"auto, (max-width: 1024px) 100vw, 1024px\" \/><\/a><figcaption class=\"wp-element-caption\">oplus_1048578<\/figcaption><\/figure>\n\n\n\n<figure class=\"wp-block-image size-large\"><a href=\"https:\/\/agora.xtec.cat\/ies-vromana-lagarriga\/wp-content\/uploads\/usu2444\/2026\/04\/sant-jordi-3.jpg\"><img loading=\"lazy\" decoding=\"async\" width=\"768\" height=\"1024\" data-id=\"5639\" src=\"https:\/\/agora.xtec.cat\/ies-vromana-lagarriga\/wp-content\/uploads\/usu2444\/2026\/04\/sant-jordi-3-768x1024.jpg\" alt=\"\" class=\"wp-image-5639\" srcset=\"https:\/\/agora.xtec.cat\/ies-vromana-lagarriga\/wp-content\/uploads\/usu2444\/2026\/04\/sant-jordi-3-768x1024.jpg 768w, https:\/\/agora.xtec.cat\/ies-vromana-lagarriga\/wp-content\/uploads\/usu2444\/2026\/04\/sant-jordi-3-225x300.jpg 225w, https:\/\/agora.xtec.cat\/ies-vromana-lagarriga\/wp-content\/uploads\/usu2444\/2026\/04\/sant-jordi-3-1152x1536.jpg 1152w, https:\/\/agora.xtec.cat\/ies-vromana-lagarriga\/wp-content\/uploads\/usu2444\/2026\/04\/sant-jordi-3.jpg 1536w\" sizes=\"auto, (max-width: 768px) 100vw, 768px\" \/><\/a><figcaption class=\"wp-element-caption\">oplus_1048610<\/figcaption><\/figure>\n\n\n\n<figure class=\"wp-block-image size-large\"><a href=\"https:\/\/agora.xtec.cat\/ies-vromana-lagarriga\/wp-content\/uploads\/usu2444\/2026\/04\/sant-jordi-5.jpg\"><img loading=\"lazy\" decoding=\"async\" width=\"768\" height=\"1024\" data-id=\"5643\" src=\"https:\/\/agora.xtec.cat\/ies-vromana-lagarriga\/wp-content\/uploads\/usu2444\/2026\/04\/sant-jordi-5-768x1024.jpg\" alt=\"\" class=\"wp-image-5643\" srcset=\"https:\/\/agora.xtec.cat\/ies-vromana-lagarriga\/wp-content\/uploads\/usu2444\/2026\/04\/sant-jordi-5-768x1024.jpg 768w, https:\/\/agora.xtec.cat\/ies-vromana-lagarriga\/wp-content\/uploads\/usu2444\/2026\/04\/sant-jordi-5-225x300.jpg 225w, https:\/\/agora.xtec.cat\/ies-vromana-lagarriga\/wp-content\/uploads\/usu2444\/2026\/04\/sant-jordi-5-1152x1536.jpg 1152w, https:\/\/agora.xtec.cat\/ies-vromana-lagarriga\/wp-content\/uploads\/usu2444\/2026\/04\/sant-jordi-5.jpg 1536w\" sizes=\"auto, (max-width: 768px) 100vw, 768px\" \/><\/a><figcaption class=\"wp-element-caption\">oplus_1048610<\/figcaption><\/figure>\n\n\n\n<figure class=\"wp-block-image size-large\"><a href=\"https:\/\/agora.xtec.cat\/ies-vromana-lagarriga\/wp-content\/uploads\/usu2444\/2026\/04\/sant-jordi-7.jpg\"><img loading=\"lazy\" decoding=\"async\" width=\"768\" height=\"1024\" data-id=\"5640\" src=\"https:\/\/agora.xtec.cat\/ies-vromana-lagarriga\/wp-content\/uploads\/usu2444\/2026\/04\/sant-jordi-7-768x1024.jpg\" alt=\"\" class=\"wp-image-5640\" srcset=\"https:\/\/agora.xtec.cat\/ies-vromana-lagarriga\/wp-content\/uploads\/usu2444\/2026\/04\/sant-jordi-7-768x1024.jpg 768w, https:\/\/agora.xtec.cat\/ies-vromana-lagarriga\/wp-content\/uploads\/usu2444\/2026\/04\/sant-jordi-7-225x300.jpg 225w, https:\/\/agora.xtec.cat\/ies-vromana-lagarriga\/wp-content\/uploads\/usu2444\/2026\/04\/sant-jordi-7-1152x1536.jpg 1152w, https:\/\/agora.xtec.cat\/ies-vromana-lagarriga\/wp-content\/uploads\/usu2444\/2026\/04\/sant-jordi-7.jpg 1536w\" sizes=\"auto, (max-width: 768px) 100vw, 768px\" \/><\/a><figcaption class=\"wp-element-caption\">oplus_1048610<\/figcaption><\/figure>\n<\/figure>\n","protected":false},"excerpt":{"rendered":"<p>Un any m\u00e9s, la m\u00e0gia de Sant Jordi ha inundat les nostres aules amb el lliurament de premis del Certamen [&hellip;]<\/p>\n","protected":false},"author":8,"featured_media":5640,"comment_status":"open","ping_status":"open","sticky":false,"template":"","format":"standard","meta":{"_bbp_topic_count":0,"_bbp_reply_count":0,"_bbp_total_topic_count":0,"_bbp_total_reply_count":0,"_bbp_voice_count":0,"_bbp_anonymous_reply_count":0,"_bbp_topic_count_hidden":0,"_bbp_reply_count_hidden":0,"_bbp_forum_subforum_count":0,"site-sidebar-layout":"default","site-content-layout":"","ast-site-content-layout":"default","site-content-style":"default","site-sidebar-style":"default","ast-global-header-display":"","ast-banner-title-visibility":"","ast-main-header-display":"","ast-hfb-above-header-display":"","ast-hfb-below-header-display":"","ast-hfb-mobile-header-display":"","site-post-title":"","ast-breadcrumbs-content":"","ast-featured-img":"","footer-sml-layout":"","theme-transparent-header-meta":"","adv-header-id-meta":"","stick-header-meta":"","header-above-stick-meta":"","header-main-stick-meta":"","header-below-stick-meta":"","astra-migrate-meta-layouts":"set","ast-page-background-enabled":"default","ast-page-background-meta":{"desktop":{"background-color":"var(--ast-global-color-4)","background-image":"","background-repeat":"repeat","background-position":"center center","background-size":"auto","background-attachment":"scroll","background-type":"","background-media":"","overlay-type":"","overlay-color":"","overlay-opacity":"","overlay-gradient":""},"tablet":{"background-color":"","background-image":"","background-repeat":"repeat","background-position":"center center","background-size":"auto","background-attachment":"scroll","background-type":"","background-media":"","overlay-type":"","overlay-color":"","overlay-opacity":"","overlay-gradient":""},"mobile":{"background-color":"","background-image":"","background-repeat":"repeat","background-position":"center center","background-size":"auto","background-attachment":"scroll","background-type":"","background-media":"","overlay-type":"","overlay-color":"","overlay-opacity":"","overlay-gradient":""}},"ast-content-background-meta":{"desktop":{"background-color":"var(--ast-global-color-5)","background-image":"","background-repeat":"repeat","background-position":"center center","background-size":"auto","background-attachment":"scroll","background-type":"","background-media":"","overlay-type":"","overlay-color":"","overlay-opacity":"","overlay-gradient":""},"tablet":{"background-color":"var(--ast-global-color-5)","background-image":"","background-repeat":"repeat","background-position":"center center","background-size":"auto","background-attachment":"scroll","background-type":"","background-media":"","overlay-type":"","overlay-color":"","overlay-opacity":"","overlay-gradient":""},"mobile":{"background-color":"var(--ast-global-color-5)","background-image":"","background-repeat":"repeat","background-position":"center center","background-size":"auto","background-attachment":"scroll","background-type":"","background-media":"","overlay-type":"","overlay-color":"","overlay-opacity":"","overlay-gradient":""}},"footnotes":""},"categories":[8,3,1,29],"tags":[],"class_list":["post-5638","post","type-post","status-publish","format-standard","has-post-thumbnail","hentry","category-batxillerat","category-eso","category-general","category-portada"],"post_mailing_queue_ids":[],"_links":{"self":[{"href":"https:\/\/agora.xtec.cat\/ies-vromana-lagarriga\/wp-json\/wp\/v2\/posts\/5638","targetHints":{"allow":["GET"]}}],"collection":[{"href":"https:\/\/agora.xtec.cat\/ies-vromana-lagarriga\/wp-json\/wp\/v2\/posts"}],"about":[{"href":"https:\/\/agora.xtec.cat\/ies-vromana-lagarriga\/wp-json\/wp\/v2\/types\/post"}],"author":[{"embeddable":true,"href":"https:\/\/agora.xtec.cat\/ies-vromana-lagarriga\/wp-json\/wp\/v2\/users\/8"}],"replies":[{"embeddable":true,"href":"https:\/\/agora.xtec.cat\/ies-vromana-lagarriga\/wp-json\/wp\/v2\/comments?post=5638"}],"version-history":[{"count":1,"href":"https:\/\/agora.xtec.cat\/ies-vromana-lagarriga\/wp-json\/wp\/v2\/posts\/5638\/revisions"}],"predecessor-version":[{"id":5644,"href":"https:\/\/agora.xtec.cat\/ies-vromana-lagarriga\/wp-json\/wp\/v2\/posts\/5638\/revisions\/5644"}],"wp:featuredmedia":[{"embeddable":true,"href":"https:\/\/agora.xtec.cat\/ies-vromana-lagarriga\/wp-json\/wp\/v2\/media\/5640"}],"wp:attachment":[{"href":"https:\/\/agora.xtec.cat\/ies-vromana-lagarriga\/wp-json\/wp\/v2\/media?parent=5638"}],"wp:term":[{"taxonomy":"category","embeddable":true,"href":"https:\/\/agora.xtec.cat\/ies-vromana-lagarriga\/wp-json\/wp\/v2\/categories?post=5638"},{"taxonomy":"post_tag","embeddable":true,"href":"https:\/\/agora.xtec.cat\/ies-vromana-lagarriga\/wp-json\/wp\/v2\/tags?post=5638"}],"curies":[{"name":"wp","href":"https:\/\/api.w.org\/{rel}","templated":true}]}}