{"id":4874,"date":"2025-11-27T18:42:56","date_gmt":"2025-11-27T17:42:56","guid":{"rendered":"https:\/\/agora.xtec.cat\/ies-vromana-lagarriga\/?p=4874"},"modified":"2025-11-30T18:54:35","modified_gmt":"2025-11-30T17:54:35","slug":"recomanacions-entre-iguales","status":"publish","type":"post","link":"https:\/\/agora.xtec.cat\/ies-vromana-lagarriga\/general\/recomanacions-entre-iguales\/","title":{"rendered":"Recomanacions entre iguales"},"content":{"rendered":"\n<p>El curs 2015-2016 l&#8217;institut Vil\u00b7la Romana va apostar pel Projecte Impuls de la Lectura (ILEC) amb l&#8217;objectiu de potenciar la lectura sistem\u00e0tica en totes les mat\u00e8ries del curr\u00edculum per augmentar la compet\u00e8ncia comunicativa i ling\u00fc\u00edstica i el desenvolupament de l&#8217;h\u00e0bit lector dels joves.<\/p>\n\n\n\n<p>Els 30 minuts del Temps de Lectura que dediquem cada dia continua sent l&#8217;eix principal d&#8217;aquest projecte de centre amb activitats com la lectura silenciosa o les recomanacions entre iguals.<\/p>\n\n\n\n<p>Una d\u00e8cada despr\u00e9s continuem fomentant la lectura com a base de tot aprenentatge i font de plaer.<\/p>\n\n\n\n<figure class=\"wp-block-image size-large\"><a href=\"https:\/\/agora.xtec.cat\/ies-vromana-lagarriga\/wp-content\/uploads\/usu2444\/2025\/11\/1764244578128-864x1152-1.jpg\"><img loading=\"lazy\" decoding=\"async\" width=\"768\" height=\"1024\" src=\"https:\/\/agora.xtec.cat\/ies-vromana-lagarriga\/wp-content\/uploads\/usu2444\/2025\/11\/1764244578128-864x1152-1-768x1024.jpg\" alt=\"\" class=\"wp-image-4875\" srcset=\"https:\/\/agora.xtec.cat\/ies-vromana-lagarriga\/wp-content\/uploads\/usu2444\/2025\/11\/1764244578128-864x1152-1-768x1024.jpg 768w, https:\/\/agora.xtec.cat\/ies-vromana-lagarriga\/wp-content\/uploads\/usu2444\/2025\/11\/1764244578128-864x1152-1-225x300.jpg 225w, https:\/\/agora.xtec.cat\/ies-vromana-lagarriga\/wp-content\/uploads\/usu2444\/2025\/11\/1764244578128-864x1152-1.jpg 864w\" sizes=\"auto, (max-width: 768px) 100vw, 768px\" \/><\/a><\/figure>\n","protected":false},"excerpt":{"rendered":"<p>El curs 2015-2016 l&#8217;institut Vil\u00b7la Romana va apostar pel Projecte Impuls de la Lectura (ILEC) amb l&#8217;objectiu de potenciar la [&hellip;]<\/p>\n","protected":false},"author":5,"featured_media":4876,"comment_status":"closed","ping_status":"open","sticky":false,"template":"","format":"standard","meta":{"_bbp_topic_count":0,"_bbp_reply_count":0,"_bbp_total_topic_count":0,"_bbp_total_reply_count":0,"_bbp_voice_count":0,"_bbp_anonymous_reply_count":0,"_bbp_topic_count_hidden":0,"_bbp_reply_count_hidden":0,"_bbp_forum_subforum_count":0,"site-sidebar-layout":"default","site-content-layout":"","ast-site-content-layout":"default","site-content-style":"default","site-sidebar-style":"default","ast-global-header-display":"","ast-banner-title-visibility":"","ast-main-header-display":"","ast-hfb-above-header-display":"","ast-hfb-below-header-display":"","ast-hfb-mobile-header-display":"","site-post-title":"","ast-breadcrumbs-content":"","ast-featured-img":"","footer-sml-layout":"","theme-transparent-header-meta":"","adv-header-id-meta":"","stick-header-meta":"","header-above-stick-meta":"","header-main-stick-meta":"","header-below-stick-meta":"","astra-migrate-meta-layouts":"set","ast-page-background-enabled":"default","ast-page-background-meta":{"desktop":{"background-color":"var(--ast-global-color-4)","background-image":"","background-repeat":"repeat","background-position":"center center","background-size":"auto","background-attachment":"scroll","background-type":"","background-media":"","overlay-type":"","overlay-color":"","overlay-opacity":"","overlay-gradient":""},"tablet":{"background-color":"","background-image":"","background-repeat":"repeat","background-position":"center center","background-size":"auto","background-attachment":"scroll","background-type":"","background-media":"","overlay-type":"","overlay-color":"","overlay-opacity":"","overlay-gradient":""},"mobile":{"background-color":"","background-image":"","background-repeat":"repeat","background-position":"center center","background-size":"auto","background-attachment":"scroll","background-type":"","background-media":"","overlay-type":"","overlay-color":"","overlay-opacity":"","overlay-gradient":""}},"ast-content-background-meta":{"desktop":{"background-color":"var(--ast-global-color-5)","background-image":"","background-repeat":"repeat","background-position":"center center","background-size":"auto","background-attachment":"scroll","background-type":"","background-media":"","overlay-type":"","overlay-color":"","overlay-opacity":"","overlay-gradient":""},"tablet":{"background-color":"var(--ast-global-color-5)","background-image":"","background-repeat":"repeat","background-position":"center center","background-size":"auto","background-attachment":"scroll","background-type":"","background-media":"","overlay-type":"","overlay-color":"","overlay-opacity":"","overlay-gradient":""},"mobile":{"background-color":"var(--ast-global-color-5)","background-image":"","background-repeat":"repeat","background-position":"center center","background-size":"auto","background-attachment":"scroll","background-type":"","background-media":"","overlay-type":"","overlay-color":"","overlay-opacity":"","overlay-gradient":""}},"footnotes":""},"categories":[1,131,29],"tags":[],"class_list":["post-4874","post","type-post","status-publish","format-standard","has-post-thumbnail","hentry","category-general","category-ilec","category-portada"],"post_mailing_queue_ids":[],"_links":{"self":[{"href":"https:\/\/agora.xtec.cat\/ies-vromana-lagarriga\/wp-json\/wp\/v2\/posts\/4874","targetHints":{"allow":["GET"]}}],"collection":[{"href":"https:\/\/agora.xtec.cat\/ies-vromana-lagarriga\/wp-json\/wp\/v2\/posts"}],"about":[{"href":"https:\/\/agora.xtec.cat\/ies-vromana-lagarriga\/wp-json\/wp\/v2\/types\/post"}],"author":[{"embeddable":true,"href":"https:\/\/agora.xtec.cat\/ies-vromana-lagarriga\/wp-json\/wp\/v2\/users\/5"}],"replies":[{"embeddable":true,"href":"https:\/\/agora.xtec.cat\/ies-vromana-lagarriga\/wp-json\/wp\/v2\/comments?post=4874"}],"version-history":[{"count":1,"href":"https:\/\/agora.xtec.cat\/ies-vromana-lagarriga\/wp-json\/wp\/v2\/posts\/4874\/revisions"}],"predecessor-version":[{"id":4877,"href":"https:\/\/agora.xtec.cat\/ies-vromana-lagarriga\/wp-json\/wp\/v2\/posts\/4874\/revisions\/4877"}],"wp:featuredmedia":[{"embeddable":true,"href":"https:\/\/agora.xtec.cat\/ies-vromana-lagarriga\/wp-json\/wp\/v2\/media\/4876"}],"wp:attachment":[{"href":"https:\/\/agora.xtec.cat\/ies-vromana-lagarriga\/wp-json\/wp\/v2\/media?parent=4874"}],"wp:term":[{"taxonomy":"category","embeddable":true,"href":"https:\/\/agora.xtec.cat\/ies-vromana-lagarriga\/wp-json\/wp\/v2\/categories?post=4874"},{"taxonomy":"post_tag","embeddable":true,"href":"https:\/\/agora.xtec.cat\/ies-vromana-lagarriga\/wp-json\/wp\/v2\/tags?post=4874"}],"curies":[{"name":"wp","href":"https:\/\/api.w.org\/{rel}","templated":true}]}}