{"id":9999,"date":"2024-06-12T07:15:19","date_gmt":"2024-06-12T05:15:19","guid":{"rendered":"https:\/\/agora.xtec.cat\/ies-viladegracia\/?p=9999"},"modified":"2024-06-12T07:15:28","modified_gmt":"2024-06-12T05:15:28","slug":"estrena-de-patera-una-proposta-de-2n-deso","status":"publish","type":"post","link":"https:\/\/agora.xtec.cat\/ies-viladegracia\/general\/estrena-de-patera-una-proposta-de-2n-deso\/","title":{"rendered":"Estrena de &#8220;Patera&#8221;, una proposta de 2n d&#8217;ESO"},"content":{"rendered":"<p dir=\"ltr\">La Gu\u00e0rdia civil rescata una &#8220;Patera&#8221; que va a la deriva a les costes de Tarifa.<\/p>\n<p dir=\"ltr\">En aquesta obra un grup de nens i nenes parlen entre ells en mig del mar, volen arribar a Europa i ens mostren tot el que volen i pensen trobaran en altres terres.<\/p>\n<p dir=\"ltr\">Mesclats entre el p\u00fablic, diferents personatges representen els immigrants europeus i les persones d&#8217;aqu\u00ed i mostren les diferents postures que coneixem i hem sentit alguna vegada.<\/p>\n<p dir=\"ltr\">Aquesta representaci\u00f3 \u00e9s una den\u00fancia de les tr\u00e0giques condicions de la immigraci\u00f3: els somnis, els perills, el rebuig i la crua realitat que espera als que arriben a Europa.<\/p>\n<p dir=\"ltr\"><a href=\"https:\/\/agora.xtec.cat\/ies-viladegracia\/wp-content\/uploads\/usu241\/2024\/06\/WhatsApp-Image-2024-05-27-at-17.24.50.jpeg\"><img loading=\"lazy\" decoding=\"async\" class=\"alignnone wp-image-10002\" src=\"https:\/\/agora.xtec.cat\/ies-viladegracia\/wp-content\/uploads\/usu241\/2024\/06\/WhatsApp-Image-2024-05-27-at-17.24.50-1024x768.jpeg\" alt=\"\" width=\"590\" height=\"442\" srcset=\"https:\/\/agora.xtec.cat\/ies-viladegracia\/wp-content\/uploads\/usu241\/2024\/06\/WhatsApp-Image-2024-05-27-at-17.24.50-1024x768.jpeg 1024w, https:\/\/agora.xtec.cat\/ies-viladegracia\/wp-content\/uploads\/usu241\/2024\/06\/WhatsApp-Image-2024-05-27-at-17.24.50-300x225.jpeg 300w, https:\/\/agora.xtec.cat\/ies-viladegracia\/wp-content\/uploads\/usu241\/2024\/06\/WhatsApp-Image-2024-05-27-at-17.24.50-768x576.jpeg 768w, https:\/\/agora.xtec.cat\/ies-viladegracia\/wp-content\/uploads\/usu241\/2024\/06\/WhatsApp-Image-2024-05-27-at-17.24.50-1536x1152.jpeg 1536w, https:\/\/agora.xtec.cat\/ies-viladegracia\/wp-content\/uploads\/usu241\/2024\/06\/WhatsApp-Image-2024-05-27-at-17.24.50-200x150.jpeg 200w, https:\/\/agora.xtec.cat\/ies-viladegracia\/wp-content\/uploads\/usu241\/2024\/06\/WhatsApp-Image-2024-05-27-at-17.24.50.jpeg 1600w\" sizes=\"auto, (max-width: 590px) 100vw, 590px\" \/><\/a><\/p>\n","protected":false},"excerpt":{"rendered":"<p>La Gu\u00e0rdia civil rescata una &#8220;Patera&#8221; que va a la deriva a les costes de Tarifa.<br \/>\nEn aquesta obra un grup de nens i nenes parlen entre ells en mig del mar, volen arribar a Europa i ens mostren tot el que volen i pensen trobaran&hellip;  <a href=\"https:\/\/agora.xtec.cat\/ies-viladegracia\/general\/estrena-de-patera-una-proposta-de-2n-deso\/\" title=\"Read Estrena de &#8220;Patera&#8221;, una proposta de 2n d&#8217;ESO\">Llegeix m\u00e9s\u00bb<\/a><\/p>\n","protected":false},"author":7,"featured_media":10001,"comment_status":"open","ping_status":"closed","sticky":false,"template":"","format":"standard","meta":{"footnotes":""},"categories":[5,1232,173,1,29],"tags":[],"class_list":["post-9999","post","type-post","status-publish","format-standard","has-post-thumbnail","hentry","category-2n-eso","category-arts-esceniques","category-cultura-i-valors-etics","category-general","category-portada"],"post_mailing_queue_ids":[],"_links":{"self":[{"href":"https:\/\/agora.xtec.cat\/ies-viladegracia\/wp-json\/wp\/v2\/posts\/9999","targetHints":{"allow":["GET"]}}],"collection":[{"href":"https:\/\/agora.xtec.cat\/ies-viladegracia\/wp-json\/wp\/v2\/posts"}],"about":[{"href":"https:\/\/agora.xtec.cat\/ies-viladegracia\/wp-json\/wp\/v2\/types\/post"}],"author":[{"embeddable":true,"href":"https:\/\/agora.xtec.cat\/ies-viladegracia\/wp-json\/wp\/v2\/users\/7"}],"replies":[{"embeddable":true,"href":"https:\/\/agora.xtec.cat\/ies-viladegracia\/wp-json\/wp\/v2\/comments?post=9999"}],"version-history":[{"count":3,"href":"https:\/\/agora.xtec.cat\/ies-viladegracia\/wp-json\/wp\/v2\/posts\/9999\/revisions"}],"predecessor-version":[{"id":10061,"href":"https:\/\/agora.xtec.cat\/ies-viladegracia\/wp-json\/wp\/v2\/posts\/9999\/revisions\/10061"}],"wp:featuredmedia":[{"embeddable":true,"href":"https:\/\/agora.xtec.cat\/ies-viladegracia\/wp-json\/wp\/v2\/media\/10001"}],"wp:attachment":[{"href":"https:\/\/agora.xtec.cat\/ies-viladegracia\/wp-json\/wp\/v2\/media?parent=9999"}],"wp:term":[{"taxonomy":"category","embeddable":true,"href":"https:\/\/agora.xtec.cat\/ies-viladegracia\/wp-json\/wp\/v2\/categories?post=9999"},{"taxonomy":"post_tag","embeddable":true,"href":"https:\/\/agora.xtec.cat\/ies-viladegracia\/wp-json\/wp\/v2\/tags?post=9999"}],"curies":[{"name":"wp","href":"https:\/\/api.w.org\/{rel}","templated":true}]}}