{"id":9954,"date":"2024-05-31T06:41:19","date_gmt":"2024-05-31T04:41:19","guid":{"rendered":"https:\/\/agora.xtec.cat\/ies-viladegracia\/?p=9954"},"modified":"2024-05-31T06:41:19","modified_gmt":"2024-05-31T04:41:19","slug":"descobrint-vicent-andres-estelles","status":"publish","type":"post","link":"https:\/\/agora.xtec.cat\/ies-viladegracia\/general\/descobrint-vicent-andres-estelles\/","title":{"rendered":"Descobrint Vicent Andr\u00e9s Estell\u00e9s"},"content":{"rendered":"<p>Divendres 10 de maig l&#8217;alumnat va poder gaudir d&#8217;un fant\u00e0stic recital de poesia interpretat i preparat per la Carme Pardo, bibliotec\u00e0ria del centre, i la Montse Colilles, mare d&#8217;un exalumne del Vila, i professional del sector.<\/p>\n<p>El recital va ser un recull de textos de Vicent Andr\u00e9s Estell\u00e9s, autor del qual es celebren els 100 anys del seu naixement aquest 2024.<\/p>\n<p>Vam sentir poemes com: <em>Pare, Declaraci\u00f3 de principis X, Llibre del dret a l&#8217;alegria, A la meua dona, Els afusellats,&#8230;.<\/em><\/p>\n<p><a href=\"https:\/\/agora.xtec.cat\/ies-viladegracia\/wp-content\/uploads\/usu241\/2024\/05\/WhatsApp-Image-2024-05-10-at-10.32.14.jpeg\"><img loading=\"lazy\" decoding=\"async\" class=\"alignnone wp-image-9955\" src=\"https:\/\/agora.xtec.cat\/ies-viladegracia\/wp-content\/uploads\/usu241\/2024\/05\/WhatsApp-Image-2024-05-10-at-10.32.14-768x1024.jpeg\" alt=\"\" width=\"276\" height=\"368\" srcset=\"https:\/\/agora.xtec.cat\/ies-viladegracia\/wp-content\/uploads\/usu241\/2024\/05\/WhatsApp-Image-2024-05-10-at-10.32.14-768x1024.jpeg 768w, https:\/\/agora.xtec.cat\/ies-viladegracia\/wp-content\/uploads\/usu241\/2024\/05\/WhatsApp-Image-2024-05-10-at-10.32.14-225x300.jpeg 225w, https:\/\/agora.xtec.cat\/ies-viladegracia\/wp-content\/uploads\/usu241\/2024\/05\/WhatsApp-Image-2024-05-10-at-10.32.14-1152x1536.jpeg 1152w, https:\/\/agora.xtec.cat\/ies-viladegracia\/wp-content\/uploads\/usu241\/2024\/05\/WhatsApp-Image-2024-05-10-at-10.32.14.jpeg 1536w\" sizes=\"auto, (max-width: 276px) 100vw, 276px\" \/><\/a> <a href=\"https:\/\/agora.xtec.cat\/ies-viladegracia\/wp-content\/uploads\/usu241\/2024\/05\/WhatsApp-Image-2024-05-10-at-10.32.04-e1715588357333.jpeg\"><img loading=\"lazy\" decoding=\"async\" class=\"alignnone wp-image-9956\" src=\"https:\/\/agora.xtec.cat\/ies-viladegracia\/wp-content\/uploads\/usu241\/2024\/05\/WhatsApp-Image-2024-05-10-at-10.32.04-e1715588357333-1024x768.jpeg\" alt=\"\" width=\"488\" height=\"366\" srcset=\"https:\/\/agora.xtec.cat\/ies-viladegracia\/wp-content\/uploads\/usu241\/2024\/05\/WhatsApp-Image-2024-05-10-at-10.32.04-e1715588357333-1024x768.jpeg 1024w, https:\/\/agora.xtec.cat\/ies-viladegracia\/wp-content\/uploads\/usu241\/2024\/05\/WhatsApp-Image-2024-05-10-at-10.32.04-e1715588357333-300x225.jpeg 300w, https:\/\/agora.xtec.cat\/ies-viladegracia\/wp-content\/uploads\/usu241\/2024\/05\/WhatsApp-Image-2024-05-10-at-10.32.04-e1715588357333-768x576.jpeg 768w, https:\/\/agora.xtec.cat\/ies-viladegracia\/wp-content\/uploads\/usu241\/2024\/05\/WhatsApp-Image-2024-05-10-at-10.32.04-e1715588357333-1536x1152.jpeg 1536w, https:\/\/agora.xtec.cat\/ies-viladegracia\/wp-content\/uploads\/usu241\/2024\/05\/WhatsApp-Image-2024-05-10-at-10.32.04-e1715588357333-200x150.jpeg 200w, https:\/\/agora.xtec.cat\/ies-viladegracia\/wp-content\/uploads\/usu241\/2024\/05\/WhatsApp-Image-2024-05-10-at-10.32.04-e1715588357333.jpeg 2048w\" sizes=\"auto, (max-width: 488px) 100vw, 488px\" \/><\/a><\/p>\n","protected":false},"excerpt":{"rendered":"<p>Divendres 10 de maig l&#8217;alumnat va poder gaudir d&#8217;un fant\u00e0stic recital de poesia interpretat i preparat per la Carme Pardo, bibliotec\u00e0ria del centre, i la Montse Colilles, mare d&#8217;un exalumne del Vila, i professional del sector.<br \/>\nEl recital va ser un recull de textos de Vicent&hellip;  <a href=\"https:\/\/agora.xtec.cat\/ies-viladegracia\/general\/descobrint-vicent-andres-estelles\/\" title=\"Read Descobrint Vicent Andr\u00e9s Estell\u00e9s\">Llegeix m\u00e9s\u00bb<\/a><\/p>\n","protected":false},"author":7,"featured_media":9957,"comment_status":"open","ping_status":"closed","sticky":false,"template":"","format":"standard","meta":{"footnotes":""},"categories":[144,3,1,29],"tags":[],"class_list":["post-9954","post","type-post","status-publish","format-standard","has-post-thumbnail","hentry","category-biblioteca","category-eso","category-general","category-portada"],"post_mailing_queue_ids":[],"_links":{"self":[{"href":"https:\/\/agora.xtec.cat\/ies-viladegracia\/wp-json\/wp\/v2\/posts\/9954","targetHints":{"allow":["GET"]}}],"collection":[{"href":"https:\/\/agora.xtec.cat\/ies-viladegracia\/wp-json\/wp\/v2\/posts"}],"about":[{"href":"https:\/\/agora.xtec.cat\/ies-viladegracia\/wp-json\/wp\/v2\/types\/post"}],"author":[{"embeddable":true,"href":"https:\/\/agora.xtec.cat\/ies-viladegracia\/wp-json\/wp\/v2\/users\/7"}],"replies":[{"embeddable":true,"href":"https:\/\/agora.xtec.cat\/ies-viladegracia\/wp-json\/wp\/v2\/comments?post=9954"}],"version-history":[{"count":3,"href":"https:\/\/agora.xtec.cat\/ies-viladegracia\/wp-json\/wp\/v2\/posts\/9954\/revisions"}],"predecessor-version":[{"id":9978,"href":"https:\/\/agora.xtec.cat\/ies-viladegracia\/wp-json\/wp\/v2\/posts\/9954\/revisions\/9978"}],"wp:featuredmedia":[{"embeddable":true,"href":"https:\/\/agora.xtec.cat\/ies-viladegracia\/wp-json\/wp\/v2\/media\/9957"}],"wp:attachment":[{"href":"https:\/\/agora.xtec.cat\/ies-viladegracia\/wp-json\/wp\/v2\/media?parent=9954"}],"wp:term":[{"taxonomy":"category","embeddable":true,"href":"https:\/\/agora.xtec.cat\/ies-viladegracia\/wp-json\/wp\/v2\/categories?post=9954"},{"taxonomy":"post_tag","embeddable":true,"href":"https:\/\/agora.xtec.cat\/ies-viladegracia\/wp-json\/wp\/v2\/tags?post=9954"}],"curies":[{"name":"wp","href":"https:\/\/api.w.org\/{rel}","templated":true}]}}