{"id":8098,"date":"2022-10-24T19:43:20","date_gmt":"2022-10-24T17:43:20","guid":{"rendered":"https:\/\/agora.xtec.cat\/ies-viladegracia\/?p=8098"},"modified":"2022-10-24T19:43:50","modified_gmt":"2022-10-24T17:43:50","slug":"llegim-las-bicicletas-son-para-el-verano","status":"publish","type":"post","link":"https:\/\/agora.xtec.cat\/ies-viladegracia\/general\/llegim-las-bicicletas-son-para-el-verano\/","title":{"rendered":"Llegim &#8220;Las bicicletas son para el verano&#8221;"},"content":{"rendered":"<p>Durant aquests dos mesos, a l\u2019assignatura de Llengua i literatura castellana l\u2019alumnat ha llegit <em>Las bicicletes son para el verano<\/em>, de Fern\u00e1n G\u00f3mez. Una obra de teatre molt important ja que ens parla del per\u00edode de la Guerra Civil Espanyola.\u00a0A continuaci\u00f3, a classe, hem vist una versi\u00f3 cinematogr\u00e0fica de l&#8217;obra i hem elaborat un document resum del per\u00edode de la guerra civil i en concret a Madrid.\u00a0Hem treballat com es fa una cr\u00edtica personal raonada i hem mantingut una conversa entre les difer\u00e8ncies que existeixen entre el gui\u00f3 cinematogr\u00e0fic i la pel\u00b7l\u00edcula.<\/p>\n<p><a href=\"https:\/\/agora.xtec.cat\/ies-viladegracia\/wp-content\/uploads\/usu241\/2022\/10\/baixa-1.jpg\"><img loading=\"lazy\" decoding=\"async\" class=\"alignnone size-full wp-image-8100\" src=\"https:\/\/agora.xtec.cat\/ies-viladegracia\/wp-content\/uploads\/usu241\/2022\/10\/baixa-1.jpg\" alt=\"\" width=\"266\" height=\"190\" \/><\/a> <a href=\"https:\/\/agora.xtec.cat\/ies-viladegracia\/wp-content\/uploads\/usu241\/2022\/10\/images.jpg\"><img loading=\"lazy\" decoding=\"async\" class=\"alignnone size-full wp-image-8099\" src=\"https:\/\/agora.xtec.cat\/ies-viladegracia\/wp-content\/uploads\/usu241\/2022\/10\/images.jpg\" alt=\"\" width=\"259\" height=\"195\" srcset=\"https:\/\/agora.xtec.cat\/ies-viladegracia\/wp-content\/uploads\/usu241\/2022\/10\/images.jpg 259w, https:\/\/agora.xtec.cat\/ies-viladegracia\/wp-content\/uploads\/usu241\/2022\/10\/images-200x150.jpg 200w\" sizes=\"auto, (max-width: 259px) 100vw, 259px\" \/><\/a><\/p>\n","protected":false},"excerpt":{"rendered":"<p>Durant aquests dos mesos, a l\u2019assignatura de Llengua i literatura castellana l\u2019alumnat ha llegit Las bicicletes son para el verano, de Fern\u00e1n G\u00f3mez. Una obra de teatre molt important ja que ens parla del per\u00edode de la Guerra Civil Espanyola.\u00a0A continuaci\u00f3, a classe, hem vist&hellip;  <a href=\"https:\/\/agora.xtec.cat\/ies-viladegracia\/general\/llegim-las-bicicletas-son-para-el-verano\/\" title=\"Read Llegim &#8220;Las bicicletas son para el verano&#8221;\">Llegeix m\u00e9s\u00bb<\/a><\/p>\n","protected":false},"author":7,"featured_media":8101,"comment_status":"open","ping_status":"closed","sticky":false,"template":"","format":"standard","meta":{"footnotes":""},"categories":[7,283,1,29],"tags":[],"class_list":["post-8098","post","type-post","status-publish","format-standard","has-post-thumbnail","hentry","category-4t-eso","category-castella","category-general","category-portada"],"post_mailing_queue_ids":[],"_links":{"self":[{"href":"https:\/\/agora.xtec.cat\/ies-viladegracia\/wp-json\/wp\/v2\/posts\/8098","targetHints":{"allow":["GET"]}}],"collection":[{"href":"https:\/\/agora.xtec.cat\/ies-viladegracia\/wp-json\/wp\/v2\/posts"}],"about":[{"href":"https:\/\/agora.xtec.cat\/ies-viladegracia\/wp-json\/wp\/v2\/types\/post"}],"author":[{"embeddable":true,"href":"https:\/\/agora.xtec.cat\/ies-viladegracia\/wp-json\/wp\/v2\/users\/7"}],"replies":[{"embeddable":true,"href":"https:\/\/agora.xtec.cat\/ies-viladegracia\/wp-json\/wp\/v2\/comments?post=8098"}],"version-history":[{"count":1,"href":"https:\/\/agora.xtec.cat\/ies-viladegracia\/wp-json\/wp\/v2\/posts\/8098\/revisions"}],"predecessor-version":[{"id":8102,"href":"https:\/\/agora.xtec.cat\/ies-viladegracia\/wp-json\/wp\/v2\/posts\/8098\/revisions\/8102"}],"wp:featuredmedia":[{"embeddable":true,"href":"https:\/\/agora.xtec.cat\/ies-viladegracia\/wp-json\/wp\/v2\/media\/8101"}],"wp:attachment":[{"href":"https:\/\/agora.xtec.cat\/ies-viladegracia\/wp-json\/wp\/v2\/media?parent=8098"}],"wp:term":[{"taxonomy":"category","embeddable":true,"href":"https:\/\/agora.xtec.cat\/ies-viladegracia\/wp-json\/wp\/v2\/categories?post=8098"},{"taxonomy":"post_tag","embeddable":true,"href":"https:\/\/agora.xtec.cat\/ies-viladegracia\/wp-json\/wp\/v2\/tags?post=8098"}],"curies":[{"name":"wp","href":"https:\/\/api.w.org\/{rel}","templated":true}]}}