{"id":7977,"date":"2022-10-03T19:06:47","date_gmt":"2022-10-03T17:06:47","guid":{"rendered":"https:\/\/agora.xtec.cat\/ies-viladegracia\/?p=7977"},"modified":"2022-10-18T18:12:30","modified_gmt":"2022-10-18T16:12:30","slug":"a-mi-me-fascina-2","status":"publish","type":"post","link":"https:\/\/agora.xtec.cat\/ies-viladegracia\/portada\/a-mi-me-fascina-2\/","title":{"rendered":"A m\u00ed me fascina"},"content":{"rendered":"<p>Per tal d&#8217;acabar-se de con\u00e8ixer els alumnes de 1r d&#8217;ESO han fet un petit projecte a les classes de castell\u00e0 anomenat &#8220;A m\u00ed me fascina&#8221;.<\/p>\n<p>L&#8217;objectiu del projecte \u00e9s que els alumnes parlin durant 1 minut i mig a classe d&#8217;alguna cosa que els fascini, d&#8217;alguna cosa de la qual en siguin experts. Per tant, hauran de planificaci\u00f3 una exposici\u00f3 oral, organitzar l&#8217;esquema b\u00e0sic que hi ha darrera un text expositiu, per tal de presentar oralment i de manera endre\u00e7ada all\u00f2 que ja saben als seus companys\/es.<\/p>\n<p>Hem viscut unes presentacions fant\u00e0stiques!<\/p>\n<p>I ara ja sabem qu\u00e8 ens fascina a cadascun de nosaltres.<\/p>\n<p>&nbsp;<\/p>\n<p>Joana Dom\u00ednguez de 1r A d&#8217;ESO ha dit:<\/p>\n<p><em>Mi experiencia de &#8220;A m\u00ed me fascina&#8221; fue bien, me gust\u00f3 buscar informaci\u00f3n y presentarla. Me sent\u00ed bien con mi compa\u00f1era de trabajo (Irati) y nos pusimos de acuerdo f\u00e1cilmente con todo. Yo creo que nos sali\u00f3 bien y estaba preparado. Escog\u00ed el tema de &#8220;Guardianes de la noche&#8221;.\u00a0<\/em><\/p>\n<p><a href=\"https:\/\/agora.xtec.cat\/ies-viladegracia\/wp-content\/uploads\/usu241\/2022\/10\/joana-scaled-e1664901193599.jpg\"><img loading=\"lazy\" decoding=\"async\" class=\"alignnone size-large wp-image-7995\" src=\"https:\/\/agora.xtec.cat\/ies-viladegracia\/wp-content\/uploads\/usu241\/2022\/10\/joana-742x1024.jpg\" alt=\"\" width=\"742\" height=\"1024\" \/><\/a><\/p>\n<p>&nbsp;<\/p>\n","protected":false},"excerpt":{"rendered":"<p>Per tal d&#8217;acabar-se de con\u00e8ixer els alumnes de 1r d&#8217;ESO han fet un petit projecte a les classes de castell\u00e0 anomenat &#8220;A m\u00ed me fascina&#8221;.<br \/>\nL&#8217;objectiu del projecte \u00e9s que els alumnes parlin durant 1 minut i mig a classe d&#8217;alguna cosa que els fascini, d&#8217;alguna&hellip;  <a href=\"https:\/\/agora.xtec.cat\/ies-viladegracia\/portada\/a-mi-me-fascina-2\/\" title=\"Read A m\u00ed me fascina\">Llegeix m\u00e9s\u00bb<\/a><\/p>\n","protected":false},"author":7,"featured_media":7995,"comment_status":"open","ping_status":"closed","sticky":false,"template":"","format":"standard","meta":{"footnotes":""},"categories":[164,29],"tags":[],"class_list":["post-7977","post","type-post","status-publish","format-standard","has-post-thumbnail","hentry","category-1r-eso","category-portada"],"post_mailing_queue_ids":[],"_links":{"self":[{"href":"https:\/\/agora.xtec.cat\/ies-viladegracia\/wp-json\/wp\/v2\/posts\/7977","targetHints":{"allow":["GET"]}}],"collection":[{"href":"https:\/\/agora.xtec.cat\/ies-viladegracia\/wp-json\/wp\/v2\/posts"}],"about":[{"href":"https:\/\/agora.xtec.cat\/ies-viladegracia\/wp-json\/wp\/v2\/types\/post"}],"author":[{"embeddable":true,"href":"https:\/\/agora.xtec.cat\/ies-viladegracia\/wp-json\/wp\/v2\/users\/7"}],"replies":[{"embeddable":true,"href":"https:\/\/agora.xtec.cat\/ies-viladegracia\/wp-json\/wp\/v2\/comments?post=7977"}],"version-history":[{"count":3,"href":"https:\/\/agora.xtec.cat\/ies-viladegracia\/wp-json\/wp\/v2\/posts\/7977\/revisions"}],"predecessor-version":[{"id":8031,"href":"https:\/\/agora.xtec.cat\/ies-viladegracia\/wp-json\/wp\/v2\/posts\/7977\/revisions\/8031"}],"wp:featuredmedia":[{"embeddable":true,"href":"https:\/\/agora.xtec.cat\/ies-viladegracia\/wp-json\/wp\/v2\/media\/7995"}],"wp:attachment":[{"href":"https:\/\/agora.xtec.cat\/ies-viladegracia\/wp-json\/wp\/v2\/media?parent=7977"}],"wp:term":[{"taxonomy":"category","embeddable":true,"href":"https:\/\/agora.xtec.cat\/ies-viladegracia\/wp-json\/wp\/v2\/categories?post=7977"},{"taxonomy":"post_tag","embeddable":true,"href":"https:\/\/agora.xtec.cat\/ies-viladegracia\/wp-json\/wp\/v2\/tags?post=7977"}],"curies":[{"name":"wp","href":"https:\/\/api.w.org\/{rel}","templated":true}]}}