{"id":7779,"date":"2022-09-18T12:11:59","date_gmt":"2022-09-18T10:11:59","guid":{"rendered":"https:\/\/agora.xtec.cat\/ies-viladegracia\/?p=7779"},"modified":"2022-10-23T10:36:11","modified_gmt":"2022-10-23T08:36:11","slug":"al-vila-fem-arts-esceniques","status":"publish","type":"post","link":"https:\/\/agora.xtec.cat\/ies-viladegracia\/general\/al-vila-fem-arts-esceniques\/","title":{"rendered":"Al Vila fem Arts Esc\u00e8niques!"},"content":{"rendered":"<p><a href=\"https:\/\/agora.xtec.cat\/ies-viladegracia\/wp-content\/uploads\/usu241\/2022\/09\/Captura-de-pantalla-2022-09-18-115305-e1663494855654.png\"><img loading=\"lazy\" decoding=\"async\" class=\"size-large wp-image-7780 aligncenter\" src=\"https:\/\/agora.xtec.cat\/ies-viladegracia\/wp-content\/uploads\/usu241\/2022\/09\/Captura-de-pantalla-2022-09-18-115305-1024x327.png\" alt=\"arts esc\u00e8niques a la eso\" width=\"1024\" height=\"327\" \/><\/a><\/p>\n<p><strong>Al Vila fem Arts Esc\u00e8niques!<\/strong><\/p>\n<p><strong>Dins del nostre institut les Arts Esc\u00e8niques ocupen un lloc rellevant. Els alumnes de 1r i 2n d&#8217;ESO fa una hora setmanal d&#8217;Arts Esc\u00e8niques dins del seu horari lectiu. Els de 3r i 4t poden escollir l&#8217;assignatura com a optativa. I per a tots aquells\/es que han descobert que el tema els agrada poden seguir amb el Batxillerat Esc\u00e8nic al nostre institut.<\/strong><\/p>\n<p><strong>Ideari:<\/strong> El nostre objectiu \u00e9s posar \u00e8mfasi en la formaci\u00f3 de l&#8217;alumnat a partir de les arts esc\u00e8niques en tant que oferir noves eines de treball, un nou itinerari de coneixement i aprenentatge basat en la compet\u00e8ncia art\u00edstica. Cal incentivar la creativitat i vincular-la en tot moment a la consci\u00e8ncia de treball col\u00b7lectiu. Es prioritzen sempre els valors d&#8217;inclusi\u00f3 i la diversitat, l&#8217;esfor\u00e7, la col\u00b7laboraci\u00f3 i el repartiment de responsabilitats per assolir objectius comuns. Defensem un sentit transversal de l&#8217;assignatura, comptant amb la complicitat d&#8217;altres departaments del centre.<\/p>\n<p><strong>Metodologia<\/strong>:\u00a0Mantenim els grups-classe per treballar. Els grups s\u00f3n de m\u00e0xim 20 alumnes. Es preparen les classes a partir de tres grups tem\u00e0tics: arts esc\u00e8niques a trav\u00e9s del cos, de la veu i a partir de la improvisaci\u00f3, que progressen al llarg dels cursos. El treball del curs culmina amb la presentaci\u00f3 d&#8217;una<br \/>\nescenificaci\u00f3. Tot i que \u00e9s important remarcar que les presentacions ensenyen un punt en el proc\u00e9s de<br \/>\ntreball i no una meta on arribar.<\/p>\n<p>A continuaci\u00f3 trobareu els continguts que treballem organitzats segons el curs:<\/p>\n<p><a href=\"https:\/\/agora.xtec.cat\/ies-viladegracia\/wp-content\/uploads\/usu241\/2022\/09\/ae-1-1-e1663495767876.png\"><img loading=\"lazy\" decoding=\"async\" class=\"alignnone size-large wp-image-7785\" src=\"https:\/\/agora.xtec.cat\/ies-viladegracia\/wp-content\/uploads\/usu241\/2022\/09\/ae-1-1-1024x350.png\" alt=\"\" width=\"1024\" height=\"350\" \/><\/a><a href=\"https:\/\/agora.xtec.cat\/ies-viladegracia\/wp-content\/uploads\/usu241\/2022\/09\/ae-2-3.png\"><img loading=\"lazy\" decoding=\"async\" class=\"alignnone size-large wp-image-7783\" src=\"https:\/\/agora.xtec.cat\/ies-viladegracia\/wp-content\/uploads\/usu241\/2022\/09\/ae-2-3-1024x659.png\" alt=\"ae 2n 3r\" width=\"1024\" height=\"659\" srcset=\"https:\/\/agora.xtec.cat\/ies-viladegracia\/wp-content\/uploads\/usu241\/2022\/09\/ae-2-3-1024x659.png 1024w, https:\/\/agora.xtec.cat\/ies-viladegracia\/wp-content\/uploads\/usu241\/2022\/09\/ae-2-3-300x193.png 300w, https:\/\/agora.xtec.cat\/ies-viladegracia\/wp-content\/uploads\/usu241\/2022\/09\/ae-2-3-768x494.png 768w, https:\/\/agora.xtec.cat\/ies-viladegracia\/wp-content\/uploads\/usu241\/2022\/09\/ae-2-3.png 1197w\" sizes=\"auto, (max-width: 1024px) 100vw, 1024px\" \/><\/a><\/p>\n","protected":false},"excerpt":{"rendered":"<p><a href=\"https:\/\/agora.xtec.cat\/ies-viladegracia\/wp-content\/uploads\/usu241\/2022\/09\/Captura-de-pantalla-2022-09-18-115305-e1663494855654.png\"><\/a><br \/>\nAl Vila fem Arts Esc\u00e8niques!<br \/>\nDins del nostre institut les Arts Esc\u00e8niques ocupen un lloc rellevant. Els alumnes de 1r i 2n d&#8217;ESO fa una hora setmanal d&#8217;Arts Esc\u00e8niques dins del seu horari lectiu. Els de 3r i 4t poden escollir l&#8217;assignatura com a optativa.&hellip;  <a href=\"https:\/\/agora.xtec.cat\/ies-viladegracia\/general\/al-vila-fem-arts-esceniques\/\" title=\"Read Al Vila fem Arts Esc\u00e8niques!\">Llegeix m\u00e9s\u00bb<\/a><\/p>\n","protected":false},"author":7,"featured_media":7780,"comment_status":"open","ping_status":"closed","sticky":false,"template":"","format":"standard","meta":{"footnotes":""},"categories":[164,5,6,7,1232,1,29],"tags":[1493,1027],"class_list":["post-7779","post","type-post","status-publish","format-standard","has-post-thumbnail","hentry","category-1r-eso","category-2n-eso","category-3r-eso","category-4t-eso","category-arts-esceniques","category-general","category-portada","tag-artsesceniquesvila","tag-arts-esceniques"],"post_mailing_queue_ids":[],"_links":{"self":[{"href":"https:\/\/agora.xtec.cat\/ies-viladegracia\/wp-json\/wp\/v2\/posts\/7779","targetHints":{"allow":["GET"]}}],"collection":[{"href":"https:\/\/agora.xtec.cat\/ies-viladegracia\/wp-json\/wp\/v2\/posts"}],"about":[{"href":"https:\/\/agora.xtec.cat\/ies-viladegracia\/wp-json\/wp\/v2\/types\/post"}],"author":[{"embeddable":true,"href":"https:\/\/agora.xtec.cat\/ies-viladegracia\/wp-json\/wp\/v2\/users\/7"}],"replies":[{"embeddable":true,"href":"https:\/\/agora.xtec.cat\/ies-viladegracia\/wp-json\/wp\/v2\/comments?post=7779"}],"version-history":[{"count":3,"href":"https:\/\/agora.xtec.cat\/ies-viladegracia\/wp-json\/wp\/v2\/posts\/7779\/revisions"}],"predecessor-version":[{"id":7955,"href":"https:\/\/agora.xtec.cat\/ies-viladegracia\/wp-json\/wp\/v2\/posts\/7779\/revisions\/7955"}],"wp:featuredmedia":[{"embeddable":true,"href":"https:\/\/agora.xtec.cat\/ies-viladegracia\/wp-json\/wp\/v2\/media\/7780"}],"wp:attachment":[{"href":"https:\/\/agora.xtec.cat\/ies-viladegracia\/wp-json\/wp\/v2\/media?parent=7779"}],"wp:term":[{"taxonomy":"category","embeddable":true,"href":"https:\/\/agora.xtec.cat\/ies-viladegracia\/wp-json\/wp\/v2\/categories?post=7779"},{"taxonomy":"post_tag","embeddable":true,"href":"https:\/\/agora.xtec.cat\/ies-viladegracia\/wp-json\/wp\/v2\/tags?post=7779"}],"curies":[{"name":"wp","href":"https:\/\/api.w.org\/{rel}","templated":true}]}}