{"id":7269,"date":"2022-02-16T10:04:52","date_gmt":"2022-02-16T09:04:52","guid":{"rendered":"https:\/\/agora.xtec.cat\/ies-viladegracia\/?p=7269"},"modified":"2022-02-16T10:06:17","modified_gmt":"2022-02-16T09:06:17","slug":"sessions-informatives-preinscripcio-2022-23","status":"publish","type":"post","link":"https:\/\/agora.xtec.cat\/ies-viladegracia\/comunitat-educativa\/nivells-educatius\/eso\/sessions-informatives-preinscripcio-2022-23\/","title":{"rendered":"Sessions informatives preinscripci\u00f3 2022-23"},"content":{"rendered":"<p>El Consorci d&#8217;Educaci\u00f3 de Barcelona ha organitzat unes sessions informatives sobre el proc\u00e9s de preinscripci\u00f3 que poden ser seguides presencialment o b\u00e9 en streaming.<\/p>\n<p><a href=\"https:\/\/www.edubcn.cat\/ca\/alumnat_i_familia\/informacio_general_matriculacio\/sessions_informatives_per_a_les_families\" target=\"_blank\" rel=\"noopener\"><img loading=\"lazy\" decoding=\"async\" class=\"alignleft wp-image-7270\" src=\"https:\/\/agora.xtec.cat\/ies-viladegracia\/wp-content\/uploads\/usu241\/2022\/02\/Captura-de-Pantalla-2022-02-16-a-les-9.57.12-1024x946.png\" alt=\"\" width=\"756\" height=\"698\" srcset=\"https:\/\/agora.xtec.cat\/ies-viladegracia\/wp-content\/uploads\/usu241\/2022\/02\/Captura-de-Pantalla-2022-02-16-a-les-9.57.12-1024x946.png 1024w, https:\/\/agora.xtec.cat\/ies-viladegracia\/wp-content\/uploads\/usu241\/2022\/02\/Captura-de-Pantalla-2022-02-16-a-les-9.57.12-300x277.png 300w, https:\/\/agora.xtec.cat\/ies-viladegracia\/wp-content\/uploads\/usu241\/2022\/02\/Captura-de-Pantalla-2022-02-16-a-les-9.57.12-768x710.png 768w, https:\/\/agora.xtec.cat\/ies-viladegracia\/wp-content\/uploads\/usu241\/2022\/02\/Captura-de-Pantalla-2022-02-16-a-les-9.57.12-1536x1419.png 1536w, https:\/\/agora.xtec.cat\/ies-viladegracia\/wp-content\/uploads\/usu241\/2022\/02\/Captura-de-Pantalla-2022-02-16-a-les-9.57.12.png 1602w\" sizes=\"auto, (max-width: 756px) 100vw, 756px\" \/><\/a><\/p>\n","protected":false},"excerpt":{"rendered":"<p>El Consorci d&#8217;Educaci\u00f3 de Barcelona ha organitzat unes sessions informatives sobre el proc\u00e9s de preinscripci\u00f3 que poden ser seguides presencialment o b\u00e9 en streaming.<br \/>\n<a href=\"https:\/\/www.edubcn.cat\/ca\/alumnat_i_familia\/informacio_general_matriculacio\/sessions_informatives_per_a_les_families\" target=\"_blank\" rel=\"noopener\"><\/a><\/p>\n","protected":false},"author":5,"featured_media":7270,"comment_status":"open","ping_status":"closed","sticky":false,"template":"","format":"standard","meta":{"footnotes":""},"categories":[3,29],"tags":[],"class_list":["post-7269","post","type-post","status-publish","format-standard","has-post-thumbnail","hentry","category-eso","category-portada"],"post_mailing_queue_ids":[],"_links":{"self":[{"href":"https:\/\/agora.xtec.cat\/ies-viladegracia\/wp-json\/wp\/v2\/posts\/7269","targetHints":{"allow":["GET"]}}],"collection":[{"href":"https:\/\/agora.xtec.cat\/ies-viladegracia\/wp-json\/wp\/v2\/posts"}],"about":[{"href":"https:\/\/agora.xtec.cat\/ies-viladegracia\/wp-json\/wp\/v2\/types\/post"}],"author":[{"embeddable":true,"href":"https:\/\/agora.xtec.cat\/ies-viladegracia\/wp-json\/wp\/v2\/users\/5"}],"replies":[{"embeddable":true,"href":"https:\/\/agora.xtec.cat\/ies-viladegracia\/wp-json\/wp\/v2\/comments?post=7269"}],"version-history":[{"count":1,"href":"https:\/\/agora.xtec.cat\/ies-viladegracia\/wp-json\/wp\/v2\/posts\/7269\/revisions"}],"predecessor-version":[{"id":7271,"href":"https:\/\/agora.xtec.cat\/ies-viladegracia\/wp-json\/wp\/v2\/posts\/7269\/revisions\/7271"}],"wp:featuredmedia":[{"embeddable":true,"href":"https:\/\/agora.xtec.cat\/ies-viladegracia\/wp-json\/wp\/v2\/media\/7270"}],"wp:attachment":[{"href":"https:\/\/agora.xtec.cat\/ies-viladegracia\/wp-json\/wp\/v2\/media?parent=7269"}],"wp:term":[{"taxonomy":"category","embeddable":true,"href":"https:\/\/agora.xtec.cat\/ies-viladegracia\/wp-json\/wp\/v2\/categories?post=7269"},{"taxonomy":"post_tag","embeddable":true,"href":"https:\/\/agora.xtec.cat\/ies-viladegracia\/wp-json\/wp\/v2\/tags?post=7269"}],"curies":[{"name":"wp","href":"https:\/\/api.w.org\/{rel}","templated":true}]}}