{"id":7237,"date":"2022-02-09T08:48:34","date_gmt":"2022-02-09T07:48:34","guid":{"rendered":"https:\/\/agora.xtec.cat\/ies-viladegracia\/?p=7237"},"modified":"2022-02-09T08:48:50","modified_gmt":"2022-02-09T07:48:50","slug":"creix-laula-dacollida","status":"publish","type":"post","link":"https:\/\/agora.xtec.cat\/ies-viladegracia\/comunitat-educativa\/nivells-educatius\/eso\/creix-laula-dacollida\/","title":{"rendered":"L&#8217;aula d&#8217;acollida creix"},"content":{"rendered":"<p>&nbsp;<\/p>\n<p><a href=\"https:\/\/agora.xtec.cat\/ies-viladegracia\/wp-content\/uploads\/usu241\/2022\/02\/WhatsApp-Image-2022-02-09-at-08.43.01.jpeg\"><img loading=\"lazy\" decoding=\"async\" class=\"aligncenter size-full wp-image-7238\" src=\"https:\/\/agora.xtec.cat\/ies-viladegracia\/wp-content\/uploads\/usu241\/2022\/02\/WhatsApp-Image-2022-02-09-at-08.43.01.jpeg\" alt=\"\" width=\"1024\" height=\"768\" srcset=\"https:\/\/agora.xtec.cat\/ies-viladegracia\/wp-content\/uploads\/usu241\/2022\/02\/WhatsApp-Image-2022-02-09-at-08.43.01.jpeg 1024w, https:\/\/agora.xtec.cat\/ies-viladegracia\/wp-content\/uploads\/usu241\/2022\/02\/WhatsApp-Image-2022-02-09-at-08.43.01-300x225.jpeg 300w, https:\/\/agora.xtec.cat\/ies-viladegracia\/wp-content\/uploads\/usu241\/2022\/02\/WhatsApp-Image-2022-02-09-at-08.43.01-768x576.jpeg 768w, https:\/\/agora.xtec.cat\/ies-viladegracia\/wp-content\/uploads\/usu241\/2022\/02\/WhatsApp-Image-2022-02-09-at-08.43.01-200x150.jpeg 200w\" sizes=\"auto, (max-width: 1024px) 100vw, 1024px\" \/><\/a>Ja s\u00f3n vuit els alumnes que enguany estan aprenent catal\u00e0 a l&#8217;aula d&#8217;acollida. D&#8217;aqu\u00ed poc en seran nou. S\u00f3n d&#8217;edats i nivells diferents, per\u00f2 s&#8217;ajuden entre ells i el bon ambient de l&#8217;aula fomenta el clima de cooperaci\u00f3 mutua.<\/p>\n","protected":false},"excerpt":{"rendered":"<p>&nbsp;<br \/>\n<a href=\"https:\/\/agora.xtec.cat\/ies-viladegracia\/wp-content\/uploads\/usu241\/2022\/02\/WhatsApp-Image-2022-02-09-at-08.43.01.jpeg\"><\/a>Ja s\u00f3n vuit els alumnes que enguany estan aprenent catal\u00e0 a l&#8217;aula d&#8217;acollida. D&#8217;aqu\u00ed poc en seran nou. S\u00f3n d&#8217;edats i nivells diferents, per\u00f2 s&#8217;ajuden entre ells i el bon ambient de l&#8217;aula fomenta el clima de cooperaci\u00f3 mutua.<\/p>\n","protected":false},"author":1,"featured_media":7238,"comment_status":"open","ping_status":"closed","sticky":false,"template":"","format":"standard","meta":{"footnotes":""},"categories":[282,125,3,365,29,162],"tags":[],"class_list":["post-7237","post","type-post","status-publish","format-standard","has-post-thumbnail","hentry","category-catala","category-departaments-i-seminaris","category-eso","category-orientacio-academica","category-portada","category-psicopedagogia"],"post_mailing_queue_ids":[],"_links":{"self":[{"href":"https:\/\/agora.xtec.cat\/ies-viladegracia\/wp-json\/wp\/v2\/posts\/7237","targetHints":{"allow":["GET"]}}],"collection":[{"href":"https:\/\/agora.xtec.cat\/ies-viladegracia\/wp-json\/wp\/v2\/posts"}],"about":[{"href":"https:\/\/agora.xtec.cat\/ies-viladegracia\/wp-json\/wp\/v2\/types\/post"}],"author":[{"embeddable":true,"href":"https:\/\/agora.xtec.cat\/ies-viladegracia\/wp-json\/wp\/v2\/users\/1"}],"replies":[{"embeddable":true,"href":"https:\/\/agora.xtec.cat\/ies-viladegracia\/wp-json\/wp\/v2\/comments?post=7237"}],"version-history":[{"count":2,"href":"https:\/\/agora.xtec.cat\/ies-viladegracia\/wp-json\/wp\/v2\/posts\/7237\/revisions"}],"predecessor-version":[{"id":7240,"href":"https:\/\/agora.xtec.cat\/ies-viladegracia\/wp-json\/wp\/v2\/posts\/7237\/revisions\/7240"}],"wp:featuredmedia":[{"embeddable":true,"href":"https:\/\/agora.xtec.cat\/ies-viladegracia\/wp-json\/wp\/v2\/media\/7238"}],"wp:attachment":[{"href":"https:\/\/agora.xtec.cat\/ies-viladegracia\/wp-json\/wp\/v2\/media?parent=7237"}],"wp:term":[{"taxonomy":"category","embeddable":true,"href":"https:\/\/agora.xtec.cat\/ies-viladegracia\/wp-json\/wp\/v2\/categories?post=7237"},{"taxonomy":"post_tag","embeddable":true,"href":"https:\/\/agora.xtec.cat\/ies-viladegracia\/wp-json\/wp\/v2\/tags?post=7237"}],"curies":[{"name":"wp","href":"https:\/\/api.w.org\/{rel}","templated":true}]}}