{"id":7225,"date":"2022-02-08T10:33:31","date_gmt":"2022-02-08T09:33:31","guid":{"rendered":"https:\/\/agora.xtec.cat\/ies-viladegracia\/?p=7225"},"modified":"2022-02-08T10:33:54","modified_gmt":"2022-02-08T09:33:54","slug":"final-de-curs-darts-esceniques-pels-de-2n-deso","status":"publish","type":"post","link":"https:\/\/agora.xtec.cat\/ies-viladegracia\/general\/final-de-curs-darts-esceniques-pels-de-2n-deso\/","title":{"rendered":"Final de curs d&#8217;arts esc\u00e8niques pels de 2n d&#8217;ESO"},"content":{"rendered":"<p><a href=\"https:\/\/agora.xtec.cat\/ies-viladegracia\/wp-content\/uploads\/usu241\/2022\/02\/75870817-D158-43E0-801D-82F15AAB6E1F.jpeg\"><img loading=\"lazy\" decoding=\"async\" class=\"aligncenter size-full wp-image-7228\" src=\"https:\/\/agora.xtec.cat\/ies-viladegracia\/wp-content\/uploads\/usu241\/2022\/02\/75870817-D158-43E0-801D-82F15AAB6E1F.jpeg\" alt=\"\" width=\"640\" height=\"640\" srcset=\"https:\/\/agora.xtec.cat\/ies-viladegracia\/wp-content\/uploads\/usu241\/2022\/02\/75870817-D158-43E0-801D-82F15AAB6E1F.jpeg 640w, https:\/\/agora.xtec.cat\/ies-viladegracia\/wp-content\/uploads\/usu241\/2022\/02\/75870817-D158-43E0-801D-82F15AAB6E1F-300x300.jpeg 300w, https:\/\/agora.xtec.cat\/ies-viladegracia\/wp-content\/uploads\/usu241\/2022\/02\/75870817-D158-43E0-801D-82F15AAB6E1F-150x150.jpeg 150w\" sizes=\"auto, (max-width: 640px) 100vw, 640px\" \/><\/a><\/p>\n<p>El passat dia 22 de gener, els alumnes de 2n d&#8217;ESO A, B i C van fer l&#8217;\u00faltim dia d&#8217;arts esc\u00e8niques del curs. Varen presentar unes obres de teatre que havien estat treballant durant quatre sessions en les que van posar en escena contes tradicionals amb una mirada moderna. Tots ells van desenvolupar el seu estil, alguns amb titelles, altres amb m\u00edmica, altres amb escenes i personatges, altres amb un estil similar al clown, i d&#8217;altres ben seriosos. La veritat \u00e9s que va ser un \u00e8xit! tant per ells, que estaven molt contents de poder mostrar la feina feta als companys, com per nosaltres que vam poder veure com tots els coneixements del curs culminaven en aquestes petites peces de cinc minuts. QUINS ARTISTES! Ja tenim ganes de trobar-los a tercer d&#8217;ESO i poder seguir fent arts esc\u00e8niques amb ells!<a href=\"https:\/\/agora.xtec.cat\/ies-viladegracia\/wp-content\/uploads\/usu241\/2022\/02\/8AB4D1A8-22EB-481E-BFAE-32D1D29D2584.jpeg\"><img loading=\"lazy\" decoding=\"async\" class=\"aligncenter size-full wp-image-7226\" src=\"https:\/\/agora.xtec.cat\/ies-viladegracia\/wp-content\/uploads\/usu241\/2022\/02\/8AB4D1A8-22EB-481E-BFAE-32D1D29D2584.jpeg\" alt=\"\" width=\"640\" height=\"640\" srcset=\"https:\/\/agora.xtec.cat\/ies-viladegracia\/wp-content\/uploads\/usu241\/2022\/02\/8AB4D1A8-22EB-481E-BFAE-32D1D29D2584.jpeg 640w, https:\/\/agora.xtec.cat\/ies-viladegracia\/wp-content\/uploads\/usu241\/2022\/02\/8AB4D1A8-22EB-481E-BFAE-32D1D29D2584-300x300.jpeg 300w, https:\/\/agora.xtec.cat\/ies-viladegracia\/wp-content\/uploads\/usu241\/2022\/02\/8AB4D1A8-22EB-481E-BFAE-32D1D29D2584-150x150.jpeg 150w\" sizes=\"auto, (max-width: 640px) 100vw, 640px\" \/><\/a><\/p>\n","protected":false},"excerpt":{"rendered":"<p><a href=\"https:\/\/agora.xtec.cat\/ies-viladegracia\/wp-content\/uploads\/usu241\/2022\/02\/75870817-D158-43E0-801D-82F15AAB6E1F.jpeg\"><\/a><br \/>\nEl passat dia 22 de gener, els alumnes de 2n d&#8217;ESO A, B i C van fer l&#8217;\u00faltim dia d&#8217;arts esc\u00e8niques del curs. Varen presentar unes obres de teatre que havien estat treballant durant quatre sessions en les que van posar en escena contes&hellip;  <a href=\"https:\/\/agora.xtec.cat\/ies-viladegracia\/general\/final-de-curs-darts-esceniques-pels-de-2n-deso\/\" title=\"Read Final de curs d&#8217;arts esc\u00e8niques pels de 2n d&#8217;ESO\">Llegeix m\u00e9s\u00bb<\/a><\/p>\n","protected":false},"author":1,"featured_media":7228,"comment_status":"open","ping_status":"closed","sticky":false,"template":"","format":"standard","meta":{"footnotes":""},"categories":[5,104,1232,125,3,1,29,1162],"tags":[],"class_list":["post-7225","post","type-post","status-publish","format-standard","has-post-thumbnail","hentry","category-2n-eso","category-activitats","category-arts-esceniques","category-departaments-i-seminaris","category-eso","category-general","category-portada","category-teatre"],"post_mailing_queue_ids":[],"_links":{"self":[{"href":"https:\/\/agora.xtec.cat\/ies-viladegracia\/wp-json\/wp\/v2\/posts\/7225","targetHints":{"allow":["GET"]}}],"collection":[{"href":"https:\/\/agora.xtec.cat\/ies-viladegracia\/wp-json\/wp\/v2\/posts"}],"about":[{"href":"https:\/\/agora.xtec.cat\/ies-viladegracia\/wp-json\/wp\/v2\/types\/post"}],"author":[{"embeddable":true,"href":"https:\/\/agora.xtec.cat\/ies-viladegracia\/wp-json\/wp\/v2\/users\/1"}],"replies":[{"embeddable":true,"href":"https:\/\/agora.xtec.cat\/ies-viladegracia\/wp-json\/wp\/v2\/comments?post=7225"}],"version-history":[{"count":1,"href":"https:\/\/agora.xtec.cat\/ies-viladegracia\/wp-json\/wp\/v2\/posts\/7225\/revisions"}],"predecessor-version":[{"id":7229,"href":"https:\/\/agora.xtec.cat\/ies-viladegracia\/wp-json\/wp\/v2\/posts\/7225\/revisions\/7229"}],"wp:featuredmedia":[{"embeddable":true,"href":"https:\/\/agora.xtec.cat\/ies-viladegracia\/wp-json\/wp\/v2\/media\/7228"}],"wp:attachment":[{"href":"https:\/\/agora.xtec.cat\/ies-viladegracia\/wp-json\/wp\/v2\/media?parent=7225"}],"wp:term":[{"taxonomy":"category","embeddable":true,"href":"https:\/\/agora.xtec.cat\/ies-viladegracia\/wp-json\/wp\/v2\/categories?post=7225"},{"taxonomy":"post_tag","embeddable":true,"href":"https:\/\/agora.xtec.cat\/ies-viladegracia\/wp-json\/wp\/v2\/tags?post=7225"}],"curies":[{"name":"wp","href":"https:\/\/api.w.org\/{rel}","templated":true}]}}