{"id":7150,"date":"2022-01-14T18:18:24","date_gmt":"2022-01-14T17:18:24","guid":{"rendered":"https:\/\/agora.xtec.cat\/ies-viladegracia\/?p=7150"},"modified":"2022-01-20T20:25:29","modified_gmt":"2022-01-20T19:25:29","slug":"fem-de-booktubers","status":"publish","type":"post","link":"https:\/\/agora.xtec.cat\/ies-viladegracia\/general\/fem-de-booktubers\/","title":{"rendered":"Fem de Booktubers!"},"content":{"rendered":"<div><a href=\"https:\/\/agora.xtec.cat\/ies-viladegracia\/wp-content\/uploads\/usu241\/2022\/01\/Captura-de-Pantalla-2022-01-14-a-les-18.15.40.png\"><img loading=\"lazy\" decoding=\"async\" class=\"aligncenter size-full wp-image-7151\" src=\"https:\/\/agora.xtec.cat\/ies-viladegracia\/wp-content\/uploads\/usu241\/2022\/01\/Captura-de-Pantalla-2022-01-14-a-les-18.15.40.png\" alt=\"\" width=\"830\" height=\"466\" srcset=\"https:\/\/agora.xtec.cat\/ies-viladegracia\/wp-content\/uploads\/usu241\/2022\/01\/Captura-de-Pantalla-2022-01-14-a-les-18.15.40.png 830w, https:\/\/agora.xtec.cat\/ies-viladegracia\/wp-content\/uploads\/usu241\/2022\/01\/Captura-de-Pantalla-2022-01-14-a-les-18.15.40-300x168.png 300w, https:\/\/agora.xtec.cat\/ies-viladegracia\/wp-content\/uploads\/usu241\/2022\/01\/Captura-de-Pantalla-2022-01-14-a-les-18.15.40-768x431.png 768w\" sizes=\"auto, (max-width: 830px) 100vw, 830px\" \/><\/a><\/div>\n<div>.<\/div>\n<div>Els i les alumnes de 1r d&#8217;ESO A i B hem fet de booktubers a l&#8217;assignatura de Llengua Catalana.<\/div>\n<div>Els booktubers s\u00f3n &#8220;youtubers&#8221; que a trav\u00e9s de la xarxa fan recomanacions als seus seguidors sobre novel\u00b7les, c\u00f2mics, contes, llibres d&#8217;assaig&#8230;\u00a0 amb un llenguatge divertit i entenedor. A m\u00e9s, les realitzacions d&#8217;aquests v\u00eddeos fan que aquestes propostes siguin molt m\u00e9s amenes i arribin a tots els p\u00fablics.<\/div>\n<div>Amb els i les alumnes hem analitzat\u00a0alguns d&#8217;aquests v\u00eddeos (format, contingut, edici\u00f3, vocabulari&#8230;) i per grups ens vam plantejar el repte de fer uns v\u00eddeos fent de &#8220;booktubers&#8221; recomanant el llibre &#8220;Tigre tigre&#8221; que est\u00e0vem llegint a l&#8217;assignatura. I aqu\u00ed en teniu el resultat, esperem que us agradi!<\/div>\n<div><\/div>\n<div style=\"text-align: center;\">Podeu veure-ho a l&#8217;enlla\u00e7 seg\u00fcent:<\/div>\n<div style=\"text-align: center;\"><a href=\"https:\/\/youtu.be\/orc1yp6VhRQ\" target=\"_blank\" rel=\"noopener\"><strong>https:\/\/youtu.be\/orc1yp6VhRQ<\/strong><\/a><\/div>\n","protected":false},"excerpt":{"rendered":"<p><a href=\"https:\/\/agora.xtec.cat\/ies-viladegracia\/wp-content\/uploads\/usu241\/2022\/01\/Captura-de-Pantalla-2022-01-14-a-les-18.15.40.png\"><\/a><br \/>\n.<br \/>\nEls i les alumnes de 1r d&#8217;ESO A i B hem fet de booktubers a l&#8217;assignatura de Llengua Catalana.<br \/>\nEls booktubers s\u00f3n &#8220;youtubers&#8221; que a trav\u00e9s de la xarxa fan recomanacions als seus seguidors sobre novel\u00b7les, c\u00f2mics, contes, llibres d&#8217;assaig&#8230;\u00a0 amb un llenguatge divertit i&hellip;  <a href=\"https:\/\/agora.xtec.cat\/ies-viladegracia\/general\/fem-de-booktubers\/\" title=\"Read Fem de Booktubers!\">Llegeix m\u00e9s\u00bb<\/a><\/p>\n","protected":false},"author":1,"featured_media":7151,"comment_status":"open","ping_status":"closed","sticky":false,"template":"","format":"standard","meta":{"footnotes":""},"categories":[164,104,282,3,1,29,106],"tags":[],"class_list":["post-7150","post","type-post","status-publish","format-standard","has-post-thumbnail","hentry","category-1r-eso","category-activitats","category-catala","category-eso","category-general","category-portada","category-tallers"],"post_mailing_queue_ids":[],"_links":{"self":[{"href":"https:\/\/agora.xtec.cat\/ies-viladegracia\/wp-json\/wp\/v2\/posts\/7150","targetHints":{"allow":["GET"]}}],"collection":[{"href":"https:\/\/agora.xtec.cat\/ies-viladegracia\/wp-json\/wp\/v2\/posts"}],"about":[{"href":"https:\/\/agora.xtec.cat\/ies-viladegracia\/wp-json\/wp\/v2\/types\/post"}],"author":[{"embeddable":true,"href":"https:\/\/agora.xtec.cat\/ies-viladegracia\/wp-json\/wp\/v2\/users\/1"}],"replies":[{"embeddable":true,"href":"https:\/\/agora.xtec.cat\/ies-viladegracia\/wp-json\/wp\/v2\/comments?post=7150"}],"version-history":[{"count":3,"href":"https:\/\/agora.xtec.cat\/ies-viladegracia\/wp-json\/wp\/v2\/posts\/7150\/revisions"}],"predecessor-version":[{"id":7165,"href":"https:\/\/agora.xtec.cat\/ies-viladegracia\/wp-json\/wp\/v2\/posts\/7150\/revisions\/7165"}],"wp:featuredmedia":[{"embeddable":true,"href":"https:\/\/agora.xtec.cat\/ies-viladegracia\/wp-json\/wp\/v2\/media\/7151"}],"wp:attachment":[{"href":"https:\/\/agora.xtec.cat\/ies-viladegracia\/wp-json\/wp\/v2\/media?parent=7150"}],"wp:term":[{"taxonomy":"category","embeddable":true,"href":"https:\/\/agora.xtec.cat\/ies-viladegracia\/wp-json\/wp\/v2\/categories?post=7150"},{"taxonomy":"post_tag","embeddable":true,"href":"https:\/\/agora.xtec.cat\/ies-viladegracia\/wp-json\/wp\/v2\/tags?post=7150"}],"curies":[{"name":"wp","href":"https:\/\/api.w.org\/{rel}","templated":true}]}}