{"id":699,"date":"2017-01-13T10:00:25","date_gmt":"2017-01-13T09:00:25","guid":{"rendered":"http:\/\/agora.xtec.cat\/ies-viladegracia\/?p=699"},"modified":"2017-01-13T10:00:25","modified_gmt":"2017-01-13T09:00:25","slug":"el-vila-de-gracia-torna-a-la-feina","status":"publish","type":"post","link":"https:\/\/agora.xtec.cat\/ies-viladegracia\/general\/el-vila-de-gracia-torna-a-la-feina\/","title":{"rendered":"El Vila de Gr\u00e0cia torna a la feina!"},"content":{"rendered":"<p style=\"text-align: justify;\"><a href=\"http:\/\/agora.xtec.cat\/ies-viladegracia\/wp-content\/uploads\/usu241\/2017\/01\/2017-gener.jpg\"><img loading=\"lazy\" decoding=\"async\" class=\"size-full wp-image-701 alignleft\" src=\"http:\/\/agora.xtec.cat\/ies-viladegracia\/wp-content\/uploads\/usu241\/2017\/01\/2017-gener.jpg\" alt=\"2017-gener\" width=\"500\" height=\"375\" srcset=\"https:\/\/agora.xtec.cat\/ies-viladegracia\/wp-content\/uploads\/usu241\/2017\/01\/2017-gener.jpg 500w, https:\/\/agora.xtec.cat\/ies-viladegracia\/wp-content\/uploads\/usu241\/2017\/01\/2017-gener-300x225.jpg 300w, https:\/\/agora.xtec.cat\/ies-viladegracia\/wp-content\/uploads\/usu241\/2017\/01\/2017-gener-200x150.jpg 200w\" sizes=\"auto, (max-width: 500px) 100vw, 500px\" \/><\/a>Molt bon 2017 a tots i a totes! L&#8217;Institut Vila de Gr\u00e0cia ha reobert les portes despr\u00e9s de les vacances de Nadal. Estem al segon trimestre i no tindrem cap festa m\u00e9s fins a la Setmana Santa. Tothom ha vingut molt descansat i preparat per treballar de valent!<\/p>\n<p style=\"text-align: justify;\">Benvinguts i benvingudes!!!<\/p>\n","protected":false},"excerpt":{"rendered":"<p><a href=\"http:\/\/agora.xtec.cat\/ies-viladegracia\/wp-content\/uploads\/usu241\/2017\/01\/2017-gener.jpg\"><\/a>Molt bon 2017 a tots i a totes! L&#8217;Institut Vila de Gr\u00e0cia ha reobert les portes despr\u00e9s de les vacances de Nadal. Estem al segon trimestre i no tindrem cap festa m\u00e9s fins a la Setmana Santa. Tothom ha vingut molt descansat i preparat&hellip;  <a href=\"https:\/\/agora.xtec.cat\/ies-viladegracia\/general\/el-vila-de-gracia-torna-a-la-feina\/\" title=\"Read El Vila de Gr\u00e0cia torna a la feina!\">Llegeix m\u00e9s\u00bb<\/a><\/p>\n","protected":false},"author":1,"featured_media":701,"comment_status":"open","ping_status":"open","sticky":false,"template":"","format":"standard","meta":{"footnotes":""},"categories":[3,1,29],"tags":[152,103,150,151],"class_list":["post-699","post","type-post","status-publish","format-standard","has-post-thumbnail","hentry","category-eso","category-general","category-portada","tag-aula-dibuix","tag-eso","tag-gener","tag-tornada-a-la-feina"],"post_mailing_queue_ids":[],"_links":{"self":[{"href":"https:\/\/agora.xtec.cat\/ies-viladegracia\/wp-json\/wp\/v2\/posts\/699","targetHints":{"allow":["GET"]}}],"collection":[{"href":"https:\/\/agora.xtec.cat\/ies-viladegracia\/wp-json\/wp\/v2\/posts"}],"about":[{"href":"https:\/\/agora.xtec.cat\/ies-viladegracia\/wp-json\/wp\/v2\/types\/post"}],"author":[{"embeddable":true,"href":"https:\/\/agora.xtec.cat\/ies-viladegracia\/wp-json\/wp\/v2\/users\/1"}],"replies":[{"embeddable":true,"href":"https:\/\/agora.xtec.cat\/ies-viladegracia\/wp-json\/wp\/v2\/comments?post=699"}],"version-history":[{"count":1,"href":"https:\/\/agora.xtec.cat\/ies-viladegracia\/wp-json\/wp\/v2\/posts\/699\/revisions"}],"predecessor-version":[{"id":702,"href":"https:\/\/agora.xtec.cat\/ies-viladegracia\/wp-json\/wp\/v2\/posts\/699\/revisions\/702"}],"wp:featuredmedia":[{"embeddable":true,"href":"https:\/\/agora.xtec.cat\/ies-viladegracia\/wp-json\/wp\/v2\/media\/701"}],"wp:attachment":[{"href":"https:\/\/agora.xtec.cat\/ies-viladegracia\/wp-json\/wp\/v2\/media?parent=699"}],"wp:term":[{"taxonomy":"category","embeddable":true,"href":"https:\/\/agora.xtec.cat\/ies-viladegracia\/wp-json\/wp\/v2\/categories?post=699"},{"taxonomy":"post_tag","embeddable":true,"href":"https:\/\/agora.xtec.cat\/ies-viladegracia\/wp-json\/wp\/v2\/tags?post=699"}],"curies":[{"name":"wp","href":"https:\/\/api.w.org\/{rel}","templated":true}]}}