{"id":6685,"date":"2021-06-21T07:03:27","date_gmt":"2021-06-21T05:03:27","guid":{"rendered":"https:\/\/agora.xtec.cat\/ies-viladegracia\/?p=6685"},"modified":"2021-06-17T22:00:07","modified_gmt":"2021-06-17T20:00:07","slug":"visita-de-3r-deso-al-consell-de-cent","status":"publish","type":"post","link":"https:\/\/agora.xtec.cat\/ies-viladegracia\/general\/visita-de-3r-deso-al-consell-de-cent\/","title":{"rendered":"Visita de 3r d&#8217;ESO al Consell de Cent"},"content":{"rendered":"<p><a href=\"https:\/\/agora.xtec.cat\/ies-viladegracia\/wp-content\/uploads\/usu241\/2021\/06\/consell-de-cent-2.jpg\"><img loading=\"lazy\" decoding=\"async\" class=\"size-full wp-image-6687 alignleft\" src=\"https:\/\/agora.xtec.cat\/ies-viladegracia\/wp-content\/uploads\/usu241\/2021\/06\/consell-de-cent-2.jpg\" alt=\"\" width=\"600\" height=\"450\" srcset=\"https:\/\/agora.xtec.cat\/ies-viladegracia\/wp-content\/uploads\/usu241\/2021\/06\/consell-de-cent-2.jpg 600w, https:\/\/agora.xtec.cat\/ies-viladegracia\/wp-content\/uploads\/usu241\/2021\/06\/consell-de-cent-2-300x225.jpg 300w, https:\/\/agora.xtec.cat\/ies-viladegracia\/wp-content\/uploads\/usu241\/2021\/06\/consell-de-cent-2-200x150.jpg 200w\" sizes=\"auto, (max-width: 600px) 100vw, 600px\" \/><\/a> <a href=\"https:\/\/agora.xtec.cat\/ies-viladegracia\/wp-content\/uploads\/usu241\/2021\/06\/conselldecent1.jpg\"><img loading=\"lazy\" decoding=\"async\" class=\"size-large wp-image-6688 alignleft\" src=\"https:\/\/agora.xtec.cat\/ies-viladegracia\/wp-content\/uploads\/usu241\/2021\/06\/conselldecent1.jpg\" alt=\"\" width=\"600\" height=\"450\" srcset=\"https:\/\/agora.xtec.cat\/ies-viladegracia\/wp-content\/uploads\/usu241\/2021\/06\/conselldecent1.jpg 600w, https:\/\/agora.xtec.cat\/ies-viladegracia\/wp-content\/uploads\/usu241\/2021\/06\/conselldecent1-300x225.jpg 300w, https:\/\/agora.xtec.cat\/ies-viladegracia\/wp-content\/uploads\/usu241\/2021\/06\/conselldecent1-200x150.jpg 200w\" sizes=\"auto, (max-width: 600px) 100vw, 600px\" \/><\/a><\/p>\n<p>El passat 2 de juny, alguns alumnes de 3r d&#8217;ESO C van visitar el Sal\u00f3 de Cent de l&#8217;Ajuntament de Barcelona, per l&#8217;acte de cloenda arrel de la seva participaci\u00f3 al projecte &#8220;Barcelona i el Turisme, demanem la paraula&#8221;.<\/p>\n<p>El\u00a0<a href=\"https:\/\/guia.barcelona.cat\/es\/detall\/salo-de-cent-ajuntament-de-barcelona_92086015575.html\" target=\"_blank\" rel=\"noopener noreferrer\" data-saferedirecturl=\"https:\/\/www.google.com\/url?q=https:\/\/guia.barcelona.cat\/es\/detall\/salo-de-cent-ajuntament-de-barcelona_92086015575.html&amp;source=gmail&amp;ust=1624044662808000&amp;usg=AFQjCNGXP9DAZ6n3tXukWS9T5qDLhXYO8w\">Sal\u00f3 de Cent<\/a>\u00a0va ser constru\u00eft pel mestre d&#8217;obres Pere Llobet l&#8217;any 1372, \u00e9s un dels millors exemples d&#8217;arquitectura g\u00f2tica civil catalana. El Sal\u00f3 es caracteritza pels grans espais amb sostre de bigues de fusta que alternen amb arcs de pedra. El seu nom fa refer\u00e8ncia al fet que en aquest sal\u00f3 es reunia el Consell de Cent establert pel rei Jaume I al 1249.<\/p>\n<p>El\u00a0Consell del Cent va ser una instituci\u00f3 de govern durant l&#8217;<a title=\"Antic r\u00e8gim\" href=\"https:\/\/ca.wikipedia.org\/wiki\/Antic_r%C3%A8gim\" target=\"_blank\" rel=\"noopener noreferrer\" data-saferedirecturl=\"https:\/\/www.google.com\/url?q=https:\/\/ca.wikipedia.org\/wiki\/Antic_r%25C3%25A8gim&amp;source=gmail&amp;ust=1624044662808000&amp;usg=AFQjCNF2lqVisKB8uKrz_dLz2hORWOFQ0w\">antic r\u00e8gim<\/a>\u00a0a la ciutat de\u00a0<a title=\"Barcelona\" href=\"https:\/\/ca.wikipedia.org\/wiki\/Barcelona\" target=\"_blank\" rel=\"noopener noreferrer\" data-saferedirecturl=\"https:\/\/www.google.com\/url?q=https:\/\/ca.wikipedia.org\/wiki\/Barcelona&amp;source=gmail&amp;ust=1624044662808000&amp;usg=AFQjCNFfOLPlr2rMPG-SOtfE60OehLfY1g\">Barcelona<\/a>, es va fundar al segle X<span title=\"Nombre\u00a0escrit en xifres romanes\">III<\/span>\u00a0i va perdurar fins al segle XVIII. El seu nom t\u00e9 l&#8217;origen al nombre dels seus membres, que eren cent. El Carrer del Consell de Cent, un important carrer a la ciutat de Barcelona, li est\u00e0 dedicat. La import\u00e0ncia del\u00a0Consell de Cent es pot apreciar en molts moments hist\u00f2rics, com \u00e9s\u00a0la proclamar de comte de Barcelona a\u00a0Pere el Conestable de Portugal l&#8217;any\u00a0<a title=\"1464\" href=\"https:\/\/ca.wikipedia.org\/wiki\/1464\" target=\"_blank\" rel=\"noopener noreferrer\" data-saferedirecturl=\"https:\/\/www.google.com\/url?q=https:\/\/ca.wikipedia.org\/wiki\/1464&amp;source=gmail&amp;ust=1624044662808000&amp;usg=AFQjCNESZxjM6KtmUgRDdavsMigOlts6fg\">1464<\/a>.<\/p>\n<p>Avui dia al Sal\u00f3 de Cent \u00e9s on es celebren els actes m\u00e9s significatius de la ciutat com ara el lliurament de Medalles d&#8217;Honor de la ciutat, matrimonis civils i esdeveniments commemoratius entre d&#8217;altres, per aix\u00f2 estem molt contents que alguns dels alumnes que van participar al projecte poguessin assistir a aquest acte.<\/p>\n<p>Aqu\u00ed en teniu l&#8217;<a href=\"https:\/\/photos.app.goo.gl\/T3yDHs6LVA7BHUXM9\" target=\"_blank\" rel=\"noopener noreferrer\" data-saferedirecturl=\"https:\/\/www.google.com\/url?q=https:\/\/photos.app.goo.gl\/T3yDHs6LVA7BHUXM9&amp;source=gmail&amp;ust=1624044662809000&amp;usg=AFQjCNEdQzQs-ZokbTIQ95wX5hlPDayGeQ\">\u00e0lbum amb totes les fotos<\/a>\u00a0que es van recollir i un v\u00eddeo de la visita.<\/p>\n<p><iframe loading=\"lazy\" title=\"Consell de Cent 2021\" width=\"500\" height=\"281\" src=\"https:\/\/www.youtube.com\/embed\/jJft9N9Uc80?feature=oembed\" frameborder=\"0\" allow=\"accelerometer; autoplay; clipboard-write; encrypted-media; gyroscope; picture-in-picture; web-share\" referrerpolicy=\"strict-origin-when-cross-origin\" allowfullscreen><\/iframe><\/p>\n","protected":false},"excerpt":{"rendered":"<p><a href=\"https:\/\/agora.xtec.cat\/ies-viladegracia\/wp-content\/uploads\/usu241\/2021\/06\/consell-de-cent-2.jpg\"><\/a> <a href=\"https:\/\/agora.xtec.cat\/ies-viladegracia\/wp-content\/uploads\/usu241\/2021\/06\/conselldecent1.jpg\"><\/a><br \/>\nEl passat 2 de juny, alguns alumnes de 3r d&#8217;ESO C van visitar el Sal\u00f3 de Cent de l&#8217;Ajuntament de Barcelona, per l&#8217;acte de cloenda arrel de la seva participaci\u00f3 al projecte &#8220;Barcelona i el Turisme, demanem la paraula&#8221;.<br \/>\nEl\u00a0<a href=\"https:\/\/guia.barcelona.cat\/es\/detall\/salo-de-cent-ajuntament-de-barcelona_92086015575.html\" target=\"_blank\" rel=\"noopener&hellip;  <a href=\"https:\/\/agora.xtec.cat\/ies-viladegracia\/general\/visita-de-3r-deso-al-consell-de-cent\/\" title=\"Read Visita de 3r d&#8217;ESO al Consell de Cent\">Llegeix m\u00e9s\u00bb<\/a><\/p>\n","protected":false},"author":1,"featured_media":6687,"comment_status":"open","ping_status":"closed","sticky":false,"template":"","format":"standard","meta":{"footnotes":""},"categories":[6,126,1,29,105],"tags":[1450,1449],"class_list":["post-6685","post","type-post","status-publish","format-standard","has-post-thumbnail","hentry","category-3r-eso","category-ciencies-socials","category-general","category-portada","category-sortides","tag-barcelona-turisme","tag-consell-de-cent"],"post_mailing_queue_ids":[],"_links":{"self":[{"href":"https:\/\/agora.xtec.cat\/ies-viladegracia\/wp-json\/wp\/v2\/posts\/6685","targetHints":{"allow":["GET"]}}],"collection":[{"href":"https:\/\/agora.xtec.cat\/ies-viladegracia\/wp-json\/wp\/v2\/posts"}],"about":[{"href":"https:\/\/agora.xtec.cat\/ies-viladegracia\/wp-json\/wp\/v2\/types\/post"}],"author":[{"embeddable":true,"href":"https:\/\/agora.xtec.cat\/ies-viladegracia\/wp-json\/wp\/v2\/users\/1"}],"replies":[{"embeddable":true,"href":"https:\/\/agora.xtec.cat\/ies-viladegracia\/wp-json\/wp\/v2\/comments?post=6685"}],"version-history":[{"count":4,"href":"https:\/\/agora.xtec.cat\/ies-viladegracia\/wp-json\/wp\/v2\/posts\/6685\/revisions"}],"predecessor-version":[{"id":6709,"href":"https:\/\/agora.xtec.cat\/ies-viladegracia\/wp-json\/wp\/v2\/posts\/6685\/revisions\/6709"}],"wp:featuredmedia":[{"embeddable":true,"href":"https:\/\/agora.xtec.cat\/ies-viladegracia\/wp-json\/wp\/v2\/media\/6687"}],"wp:attachment":[{"href":"https:\/\/agora.xtec.cat\/ies-viladegracia\/wp-json\/wp\/v2\/media?parent=6685"}],"wp:term":[{"taxonomy":"category","embeddable":true,"href":"https:\/\/agora.xtec.cat\/ies-viladegracia\/wp-json\/wp\/v2\/categories?post=6685"},{"taxonomy":"post_tag","embeddable":true,"href":"https:\/\/agora.xtec.cat\/ies-viladegracia\/wp-json\/wp\/v2\/tags?post=6685"}],"curies":[{"name":"wp","href":"https:\/\/api.w.org\/{rel}","templated":true}]}}