{"id":6500,"date":"2021-05-19T07:00:50","date_gmt":"2021-05-19T05:00:50","guid":{"rendered":"https:\/\/agora.xtec.cat\/ies-viladegracia\/?p=6500"},"modified":"2021-05-18T09:53:17","modified_gmt":"2021-05-18T07:53:17","slug":"recital-poetic","status":"publish","type":"post","link":"https:\/\/agora.xtec.cat\/ies-viladegracia\/comunitat-educativa\/nivells-educatius\/eso\/recital-poetic\/","title":{"rendered":"Recital po\u00e8tic"},"content":{"rendered":"<p><a href=\"https:\/\/agora.xtec.cat\/ies-viladegracia\/wp-content\/uploads\/usu241\/2021\/05\/F00D7892-F5E6-467B-BE3D-45C5A1AFFC221.jpeg\"><img loading=\"lazy\" decoding=\"async\" class=\"size-full wp-image-6501 alignleft\" src=\"https:\/\/agora.xtec.cat\/ies-viladegracia\/wp-content\/uploads\/usu241\/2021\/05\/F00D7892-F5E6-467B-BE3D-45C5A1AFFC221.jpeg\" alt=\"\" width=\"640\" height=\"640\" srcset=\"https:\/\/agora.xtec.cat\/ies-viladegracia\/wp-content\/uploads\/usu241\/2021\/05\/F00D7892-F5E6-467B-BE3D-45C5A1AFFC221.jpeg 640w, https:\/\/agora.xtec.cat\/ies-viladegracia\/wp-content\/uploads\/usu241\/2021\/05\/F00D7892-F5E6-467B-BE3D-45C5A1AFFC221-150x150.jpeg 150w, https:\/\/agora.xtec.cat\/ies-viladegracia\/wp-content\/uploads\/usu241\/2021\/05\/F00D7892-F5E6-467B-BE3D-45C5A1AFFC221-300x300.jpeg 300w\" sizes=\"auto, (max-width: 640px) 100vw, 640px\" \/><\/a> <a href=\"https:\/\/agora.xtec.cat\/ies-viladegracia\/wp-content\/uploads\/usu241\/2021\/05\/802493BA-6ABD-4F51-B2F7-94B0072F32841.jpeg\"><img loading=\"lazy\" decoding=\"async\" class=\"size-large wp-image-6502 alignleft\" src=\"https:\/\/agora.xtec.cat\/ies-viladegracia\/wp-content\/uploads\/usu241\/2021\/05\/802493BA-6ABD-4F51-B2F7-94B0072F32841.jpeg\" alt=\"\" width=\"640\" height=\"640\" srcset=\"https:\/\/agora.xtec.cat\/ies-viladegracia\/wp-content\/uploads\/usu241\/2021\/05\/802493BA-6ABD-4F51-B2F7-94B0072F32841.jpeg 640w, https:\/\/agora.xtec.cat\/ies-viladegracia\/wp-content\/uploads\/usu241\/2021\/05\/802493BA-6ABD-4F51-B2F7-94B0072F32841-150x150.jpeg 150w, https:\/\/agora.xtec.cat\/ies-viladegracia\/wp-content\/uploads\/usu241\/2021\/05\/802493BA-6ABD-4F51-B2F7-94B0072F32841-300x300.jpeg 300w\" sizes=\"auto, (max-width: 640px) 100vw, 640px\" \/><\/a>Divendres passat, com a final de la setmana de la poesia, la nostra bibliotec\u00e0ria, la Carme Pardo, juntament amb la Montse Colilles i la N\u00faria Cano, mares d&#8217;ex alumnes del Vila, van recitar poemes d&#8217;<a href=\"https:\/\/ca.wikipedia.org\/wiki\/Enric_Casasses_i_Figueres\" target=\"_blank\" rel=\"noopener noreferrer\" data-saferedirecturl=\"https:\/\/www.google.com\/url?q=https:\/\/ca.wikipedia.org\/wiki\/Enric_Casasses_i_Figueres&amp;source=gmail&amp;ust=1621409379338000&amp;usg=AFQjCNF6u8JP3LZsi6IScvu1tkh7GL7rdQ\">Enric Casasses<\/a>. Mai no s&#8217;havia fet el recital al vest\u00edbul del Vila per\u00f2 les mesures de protecci\u00f3 anti Covid van obligar a separar els grups bombolla i, per primera vegada, vam crear un petit auditori dins l&#8217;institut; amb pati de butaques i platea. El recital va anar molt b\u00e9, des d&#8217;aqu\u00ed volem agrair la participaci\u00f3 de les tres oradores, que en tantes ocasions ens han acompanyat.<\/p>\n","protected":false},"excerpt":{"rendered":"<p><a href=\"https:\/\/agora.xtec.cat\/ies-viladegracia\/wp-content\/uploads\/usu241\/2021\/05\/F00D7892-F5E6-467B-BE3D-45C5A1AFFC221.jpeg\"><\/a> <a href=\"https:\/\/agora.xtec.cat\/ies-viladegracia\/wp-content\/uploads\/usu241\/2021\/05\/802493BA-6ABD-4F51-B2F7-94B0072F32841.jpeg\"><\/a>Divendres passat, com a final de la setmana de la poesia, la nostra bibliotec\u00e0ria, la Carme Pardo, juntament amb la Montse Colilles i la N\u00faria Cano, mares d&#8217;ex alumnes del Vila, van recitar poemes d&#8217;<a href=\"https:\/\/ca.wikipedia.org\/wiki\/Enric_Casasses_i_Figueres\" target=\"_blank\" rel=\"noopener noreferrer\" data-saferedirecturl=\"https:\/\/www.google.com\/url?q=https:\/\/ca.wikipedia.org\/wiki\/Enric_Casasses_i_Figueres&amp;source=gmail&amp;ust=1621409379338000&amp;usg=AFQjCNF6u8JP3LZsi6IScvu1tkh7GL7rdQ\">Enric Casasses<\/a>. Mai&hellip;  <a href=\"https:\/\/agora.xtec.cat\/ies-viladegracia\/comunitat-educativa\/nivells-educatius\/eso\/recital-poetic\/\" title=\"Read Recital po\u00e8tic\">Llegeix m\u00e9s\u00bb<\/a><\/p>\n","protected":false},"author":1,"featured_media":6501,"comment_status":"open","ping_status":"closed","sticky":false,"template":"","format":"standard","meta":{"footnotes":""},"categories":[104,31,8,3,29,110],"tags":[1384,711],"class_list":["post-6500","post","type-post","status-publish","format-standard","has-post-thumbnail","hentry","category-activitats","category-ampa","category-batxillerat","category-eso","category-portada","category-diadelapoesia","tag-enric-casasses","tag-setmana-de-la-poesia"],"post_mailing_queue_ids":[],"_links":{"self":[{"href":"https:\/\/agora.xtec.cat\/ies-viladegracia\/wp-json\/wp\/v2\/posts\/6500","targetHints":{"allow":["GET"]}}],"collection":[{"href":"https:\/\/agora.xtec.cat\/ies-viladegracia\/wp-json\/wp\/v2\/posts"}],"about":[{"href":"https:\/\/agora.xtec.cat\/ies-viladegracia\/wp-json\/wp\/v2\/types\/post"}],"author":[{"embeddable":true,"href":"https:\/\/agora.xtec.cat\/ies-viladegracia\/wp-json\/wp\/v2\/users\/1"}],"replies":[{"embeddable":true,"href":"https:\/\/agora.xtec.cat\/ies-viladegracia\/wp-json\/wp\/v2\/comments?post=6500"}],"version-history":[{"count":3,"href":"https:\/\/agora.xtec.cat\/ies-viladegracia\/wp-json\/wp\/v2\/posts\/6500\/revisions"}],"predecessor-version":[{"id":6512,"href":"https:\/\/agora.xtec.cat\/ies-viladegracia\/wp-json\/wp\/v2\/posts\/6500\/revisions\/6512"}],"wp:featuredmedia":[{"embeddable":true,"href":"https:\/\/agora.xtec.cat\/ies-viladegracia\/wp-json\/wp\/v2\/media\/6501"}],"wp:attachment":[{"href":"https:\/\/agora.xtec.cat\/ies-viladegracia\/wp-json\/wp\/v2\/media?parent=6500"}],"wp:term":[{"taxonomy":"category","embeddable":true,"href":"https:\/\/agora.xtec.cat\/ies-viladegracia\/wp-json\/wp\/v2\/categories?post=6500"},{"taxonomy":"post_tag","embeddable":true,"href":"https:\/\/agora.xtec.cat\/ies-viladegracia\/wp-json\/wp\/v2\/tags?post=6500"}],"curies":[{"name":"wp","href":"https:\/\/api.w.org\/{rel}","templated":true}]}}