{"id":6489,"date":"2021-05-14T17:28:47","date_gmt":"2021-05-14T15:28:47","guid":{"rendered":"https:\/\/agora.xtec.cat\/ies-viladegracia\/?p=6489"},"modified":"2021-05-14T17:28:47","modified_gmt":"2021-05-14T15:28:47","slug":"escena-pilot-2","status":"publish","type":"post","link":"https:\/\/agora.xtec.cat\/ies-viladegracia\/comunitat-educativa\/nivells-educatius\/eso\/4t-eso\/escena-pilot-2\/","title":{"rendered":"Escena Pilot"},"content":{"rendered":"<p><a href=\"https:\/\/agora.xtec.cat\/ies-viladegracia\/wp-content\/uploads\/usu241\/2021\/05\/Captura.jpg\"><img loading=\"lazy\" decoding=\"async\" class=\"size-full wp-image-6490 alignleft\" src=\"https:\/\/agora.xtec.cat\/ies-viladegracia\/wp-content\/uploads\/usu241\/2021\/05\/Captura.jpg\" alt=\"\" width=\"888\" height=\"600\" srcset=\"https:\/\/agora.xtec.cat\/ies-viladegracia\/wp-content\/uploads\/usu241\/2021\/05\/Captura.jpg 888w, https:\/\/agora.xtec.cat\/ies-viladegracia\/wp-content\/uploads\/usu241\/2021\/05\/Captura-300x203.jpg 300w, https:\/\/agora.xtec.cat\/ies-viladegracia\/wp-content\/uploads\/usu241\/2021\/05\/Captura-768x519.jpg 768w\" sizes=\"auto, (max-width: 888px) 100vw, 888px\" \/><\/a>Ahir, dijous 13 de maig, l&#8217;alumnat de 4t d&#8217;ESO B, va presentar al <a href=\"https:\/\/www.teatrelliure.com\/ca\/programacio\/tots-els-espectacles\/universal\">LLiure de Gr\u00e0cia<\/a> el resultat del projecte <a href=\"https:\/\/www.teatrelliure.com\/ca\/programacio\/tots-els-espectacles\/universal\">Escena Pilot<\/a>. La posada en escena d'&#8221;Universal&#8221; ha perm\u00e8s als alumnes trepitjar espais del teatre on el p\u00fablic general mai no hi t\u00e9 acc\u00e9s, com son els camerinos, l&#8217;espai t\u00e8cnic i fins i tot l&#8217;escenari. Sortir a actuar davant del p\u00fablic (fam\u00edlies i alumnat del Vila) ha estat una experi\u00e8ncia que no els ha deixat indiferents. En uns dies us podrem mostrar els resultats del treball.<\/p>\n","protected":false},"excerpt":{"rendered":"<p><a href=\"https:\/\/agora.xtec.cat\/ies-viladegracia\/wp-content\/uploads\/usu241\/2021\/05\/Captura.jpg\"><\/a>Ahir, dijous 13 de maig, l&#8217;alumnat de 4t d&#8217;ESO B, va presentar al <a href=\"https:\/\/www.teatrelliure.com\/ca\/programacio\/tots-els-espectacles\/universal\">LLiure de Gr\u00e0cia<\/a> el resultat del projecte <a href=\"https:\/\/www.teatrelliure.com\/ca\/programacio\/tots-els-espectacles\/universal\">Escena Pilot<\/a>. La posada en escena d&#8217;&#8221;Universal&#8221; ha perm\u00e8s als alumnes trepitjar espais del teatre on el p\u00fablic general mai no hi&hellip;  <a href=\"https:\/\/agora.xtec.cat\/ies-viladegracia\/comunitat-educativa\/nivells-educatius\/eso\/4t-eso\/escena-pilot-2\/\" title=\"Read Escena Pilot\">Llegeix m\u00e9s\u00bb<\/a><\/p>\n","protected":false},"author":1,"featured_media":6490,"comment_status":"open","ping_status":"closed","sticky":false,"template":"","format":"standard","meta":{"footnotes":""},"categories":[7,104,1232,29,105,106],"tags":[1161,40,1160],"class_list":["post-6489","post","type-post","status-publish","format-standard","has-post-thumbnail","hentry","category-4t-eso","category-activitats","category-arts-esceniques","category-portada","category-sortides","category-tallers","tag-escena-pilot","tag-teatre","tag-teatre-lliure"],"post_mailing_queue_ids":[],"_links":{"self":[{"href":"https:\/\/agora.xtec.cat\/ies-viladegracia\/wp-json\/wp\/v2\/posts\/6489","targetHints":{"allow":["GET"]}}],"collection":[{"href":"https:\/\/agora.xtec.cat\/ies-viladegracia\/wp-json\/wp\/v2\/posts"}],"about":[{"href":"https:\/\/agora.xtec.cat\/ies-viladegracia\/wp-json\/wp\/v2\/types\/post"}],"author":[{"embeddable":true,"href":"https:\/\/agora.xtec.cat\/ies-viladegracia\/wp-json\/wp\/v2\/users\/1"}],"replies":[{"embeddable":true,"href":"https:\/\/agora.xtec.cat\/ies-viladegracia\/wp-json\/wp\/v2\/comments?post=6489"}],"version-history":[{"count":1,"href":"https:\/\/agora.xtec.cat\/ies-viladegracia\/wp-json\/wp\/v2\/posts\/6489\/revisions"}],"predecessor-version":[{"id":6491,"href":"https:\/\/agora.xtec.cat\/ies-viladegracia\/wp-json\/wp\/v2\/posts\/6489\/revisions\/6491"}],"wp:featuredmedia":[{"embeddable":true,"href":"https:\/\/agora.xtec.cat\/ies-viladegracia\/wp-json\/wp\/v2\/media\/6490"}],"wp:attachment":[{"href":"https:\/\/agora.xtec.cat\/ies-viladegracia\/wp-json\/wp\/v2\/media?parent=6489"}],"wp:term":[{"taxonomy":"category","embeddable":true,"href":"https:\/\/agora.xtec.cat\/ies-viladegracia\/wp-json\/wp\/v2\/categories?post=6489"},{"taxonomy":"post_tag","embeddable":true,"href":"https:\/\/agora.xtec.cat\/ies-viladegracia\/wp-json\/wp\/v2\/tags?post=6489"}],"curies":[{"name":"wp","href":"https:\/\/api.w.org\/{rel}","templated":true}]}}