{"id":6468,"date":"2021-05-26T00:00:29","date_gmt":"2021-05-25T22:00:29","guid":{"rendered":"https:\/\/agora.xtec.cat\/ies-viladegracia\/?p=6468"},"modified":"2021-05-19T08:18:01","modified_gmt":"2021-05-19T06:18:01","slug":"1r-deso-treballa-lharmonia","status":"publish","type":"post","link":"https:\/\/agora.xtec.cat\/ies-viladegracia\/portada\/1r-deso-treballa-lharmonia\/","title":{"rendered":"1r d&#8217;ESO treballa l&#8217;harmonia"},"content":{"rendered":"<p><a href=\"https:\/\/agora.xtec.cat\/ies-viladegracia\/wp-content\/uploads\/usu241\/2021\/05\/IMG_0611.jpg\"><img loading=\"lazy\" decoding=\"async\" class=\"size-full wp-image-6469 alignleft\" src=\"https:\/\/agora.xtec.cat\/ies-viladegracia\/wp-content\/uploads\/usu241\/2021\/05\/IMG_0611.jpg\" alt=\"\" width=\"467\" height=\"640\" srcset=\"https:\/\/agora.xtec.cat\/ies-viladegracia\/wp-content\/uploads\/usu241\/2021\/05\/IMG_0611.jpg 467w, https:\/\/agora.xtec.cat\/ies-viladegracia\/wp-content\/uploads\/usu241\/2021\/05\/IMG_0611-219x300.jpg 219w\" sizes=\"auto, (max-width: 467px) 100vw, 467px\" \/><\/a>Dins de l&#8217;unitat did\u00e0ctica on treballem el color, l&#8217;alumnat de 1r d&#8217;ESO ha estudiat l&#8217;harmonia crom\u00e0tica (colors propers en el cercle crom\u00e0tic). Podeu veure una de les feines presentades aqu\u00ed mateix. Comprovareu que la Violeta Aranda, de 1r d&#8217;ESO A, no nom\u00e9s ha mostrat con\u00e8ixer perfectament els colors harm\u00f2nics, sin\u00f3 que tamb\u00e9 demostra un gran domini del material utilitzat i del degradat. Ben fet!<\/p>\n","protected":false},"excerpt":{"rendered":"<p><a href=\"https:\/\/agora.xtec.cat\/ies-viladegracia\/wp-content\/uploads\/usu241\/2021\/05\/IMG_0611.jpg\"><\/a>Dins de l&#8217;unitat did\u00e0ctica on treballem el color, l&#8217;alumnat de 1r d&#8217;ESO ha estudiat l&#8217;harmonia crom\u00e0tica (colors propers en el cercle crom\u00e0tic). Podeu veure una de les feines presentades aqu\u00ed mateix. Comprovareu que la Violeta Aranda, de 1r d&#8217;ESO A, no nom\u00e9s ha mostrat&hellip;  <a href=\"https:\/\/agora.xtec.cat\/ies-viladegracia\/portada\/1r-deso-treballa-lharmonia\/\" title=\"Read 1r d&#8217;ESO treballa l&#8217;harmonia\">Llegeix m\u00e9s\u00bb<\/a><\/p>\n","protected":false},"author":1,"featured_media":6469,"comment_status":"open","ping_status":"closed","sticky":false,"template":"","format":"standard","meta":{"footnotes":""},"categories":[164,104,161,29,106],"tags":[1402,1400,1401],"class_list":["post-6468","post","type-post","status-publish","format-standard","has-post-thumbnail","hentry","category-1r-eso","category-activitats","category-dibuix","category-portada","category-tallers","tag-cercle-cromatic","tag-harmonia","tag-teoria-del-color"],"post_mailing_queue_ids":[],"_links":{"self":[{"href":"https:\/\/agora.xtec.cat\/ies-viladegracia\/wp-json\/wp\/v2\/posts\/6468","targetHints":{"allow":["GET"]}}],"collection":[{"href":"https:\/\/agora.xtec.cat\/ies-viladegracia\/wp-json\/wp\/v2\/posts"}],"about":[{"href":"https:\/\/agora.xtec.cat\/ies-viladegracia\/wp-json\/wp\/v2\/types\/post"}],"author":[{"embeddable":true,"href":"https:\/\/agora.xtec.cat\/ies-viladegracia\/wp-json\/wp\/v2\/users\/1"}],"replies":[{"embeddable":true,"href":"https:\/\/agora.xtec.cat\/ies-viladegracia\/wp-json\/wp\/v2\/comments?post=6468"}],"version-history":[{"count":2,"href":"https:\/\/agora.xtec.cat\/ies-viladegracia\/wp-json\/wp\/v2\/posts\/6468\/revisions"}],"predecessor-version":[{"id":6487,"href":"https:\/\/agora.xtec.cat\/ies-viladegracia\/wp-json\/wp\/v2\/posts\/6468\/revisions\/6487"}],"wp:featuredmedia":[{"embeddable":true,"href":"https:\/\/agora.xtec.cat\/ies-viladegracia\/wp-json\/wp\/v2\/media\/6469"}],"wp:attachment":[{"href":"https:\/\/agora.xtec.cat\/ies-viladegracia\/wp-json\/wp\/v2\/media?parent=6468"}],"wp:term":[{"taxonomy":"category","embeddable":true,"href":"https:\/\/agora.xtec.cat\/ies-viladegracia\/wp-json\/wp\/v2\/categories?post=6468"},{"taxonomy":"post_tag","embeddable":true,"href":"https:\/\/agora.xtec.cat\/ies-viladegracia\/wp-json\/wp\/v2\/tags?post=6468"}],"curies":[{"name":"wp","href":"https:\/\/api.w.org\/{rel}","templated":true}]}}