{"id":6448,"date":"2021-05-13T07:00:17","date_gmt":"2021-05-13T05:00:17","guid":{"rendered":"https:\/\/agora.xtec.cat\/ies-viladegracia\/?p=6448"},"modified":"2021-05-12T09:33:33","modified_gmt":"2021-05-12T07:33:33","slug":"sortida-al-velodrom","status":"publish","type":"post","link":"https:\/\/agora.xtec.cat\/ies-viladegracia\/comunitat-educativa\/nivells-educatius\/eso\/4t-eso\/sortida-al-velodrom\/","title":{"rendered":"Sortida al Vel\u00f2drom"},"content":{"rendered":"<p><a href=\"https:\/\/agora.xtec.cat\/ies-viladegracia\/wp-content\/uploads\/usu241\/2021\/05\/Vel\u00f2drom.jpeg\"><img loading=\"lazy\" decoding=\"async\" class=\"size-full wp-image-6449 alignleft\" src=\"https:\/\/agora.xtec.cat\/ies-viladegracia\/wp-content\/uploads\/usu241\/2021\/05\/Vel\u00f2drom.jpeg\" alt=\"\" width=\"640\" height=\"480\" srcset=\"https:\/\/agora.xtec.cat\/ies-viladegracia\/wp-content\/uploads\/usu241\/2021\/05\/Vel\u00f2drom.jpeg 640w, https:\/\/agora.xtec.cat\/ies-viladegracia\/wp-content\/uploads\/usu241\/2021\/05\/Vel\u00f2drom-300x225.jpeg 300w, https:\/\/agora.xtec.cat\/ies-viladegracia\/wp-content\/uploads\/usu241\/2021\/05\/Vel\u00f2drom-200x150.jpeg 200w\" sizes=\"auto, (max-width: 640px) 100vw, 640px\" \/><\/a><span class=\"im\">Aqu\u00ed\u00a0 teniu l&#8217;<a href=\"https:\/\/photos.app.goo.gl\/s3UkPuFSXZed431H9\">\u00e0lbum de fotos<\/a> de la sortida que l&#8217;alumnat de 4t d&#8217;ESO va fer al <a href=\"https:\/\/velodrom.cat\/\" target=\"_blank\" rel=\"noopener noreferrer\" data-saferedirecturl=\"https:\/\/www.google.com\/url?q=https:\/\/velodrom.cat\/&amp;source=gmail&amp;ust=1620890256766000&amp;usg=AFQjCNGegZHNX403-ahLyRSfuZPVO8r_FA\">Vel\u00f2drom d&#8217;Horta<\/a>. Van tenir un mat\u00ed d&#8217;all\u00f2 m\u00e9s esportiu.<\/span><\/p>\n<div class=\"c-texts js-anim-item o-settings-pt-80@md o-settings-pb-80@md o-settings-pt-48@sm o-settings-pb-48@sm o-settings-pt-32@xs o-settings-pb-32@xs is-visible\">\n<div class=\"c-texts__container o-container\">\n<div class=\"o-col-8@md o-col-push-2@md o-col-6@sm o-col-push-1@sm o-col-4@xs\">\n<div class=\"c-texts__wrapper-text o-text-align-center\">\n<div class=\"c-texts__text c-texts__text-font-normal s-content\" data-rp-delay=\"0\">\n<p>El Vel\u00f2drom d\u2019Horta \u00e9s la instal\u00b7laci\u00f3 esportiva polivalent, situada als peus de Collserola i obert a la ciutadania per a l\u2019\u00fas de multitud de disciplines esportives.<\/p>\n<\/div>\n<\/div>\n<\/div>\n<\/div>\n<\/div>\n<div class=\"c-texts js-anim-item o-settings-pt-64@md o-settings-pb-64@md o-settings-pt-48@sm o-settings-pb-48@sm o-settings-pt-32@xs o-settings-pb-32@xs is-visible\">\n<div class=\"c-texts__container o-container\">\n<div class=\"o-col-8@md o-col-push-2@md o-col-6@sm o-col-push-1@sm o-col-4@xs\">\n<div class=\"c-texts__wrapper-text o-text-align-center\">\n<div class=\"c-texts__text c-texts__text-font-normal s-content\" data-rp-delay=\"0.2\">\n<p>Gaudeix d\u2019una gran varietat de modalitats de ciclisme, des del track de fusta ol\u00edmpic, el BMX, l\u2019outdoor de Collserola, fins a l\u2019indoor m\u00e9s modern.<\/p>\n<\/div>\n<\/div>\n<\/div>\n<\/div>\n<\/div>\n","protected":false},"excerpt":{"rendered":"<p><a href=\"https:\/\/agora.xtec.cat\/ies-viladegracia\/wp-content\/uploads\/usu241\/2021\/05\/Vel\u00f2drom.jpeg\"><\/a>Aqu\u00ed\u00a0 teniu l&#8217;<a href=\"https:\/\/photos.app.goo.gl\/s3UkPuFSXZed431H9\">\u00e0lbum de fotos<\/a> de la sortida que l&#8217;alumnat de 4t d&#8217;ESO va fer al <a href=\"https:\/\/velodrom.cat\/\" target=\"_blank\" rel=\"noopener noreferrer\" data-saferedirecturl=\"https:\/\/www.google.com\/url?q=https:\/\/velodrom.cat\/&amp;source=gmail&amp;ust=1620890256766000&amp;usg=AFQjCNGegZHNX403-ahLyRSfuZPVO8r_FA\">Vel\u00f2drom d&#8217;Horta<\/a>. Van tenir un mat\u00ed d&#8217;all\u00f2 m\u00e9s esportiu.<\/p>\n<p>El Vel\u00f2drom d\u2019Horta \u00e9s la instal\u00b7laci\u00f3 esportiva polivalent, situada als peus de Collserola i&hellip;  <a href=\"https:\/\/agora.xtec.cat\/ies-viladegracia\/comunitat-educativa\/nivells-educatius\/eso\/4t-eso\/sortida-al-velodrom\/\" title=\"Read Sortida al Vel\u00f2drom\">Llegeix m\u00e9s\u00bb<\/a><\/p>\n","protected":false},"author":1,"featured_media":6449,"comment_status":"open","ping_status":"closed","sticky":false,"template":"","format":"standard","meta":{"footnotes":""},"categories":[7,104,198,29,105],"tags":[1370,1397],"class_list":["post-6448","post","type-post","status-publish","format-standard","has-post-thumbnail","hentry","category-4t-eso","category-activitats","category-educacio-fisica","category-portada","category-sortides","tag-ciclisme","tag-velodrom"],"post_mailing_queue_ids":[],"_links":{"self":[{"href":"https:\/\/agora.xtec.cat\/ies-viladegracia\/wp-json\/wp\/v2\/posts\/6448","targetHints":{"allow":["GET"]}}],"collection":[{"href":"https:\/\/agora.xtec.cat\/ies-viladegracia\/wp-json\/wp\/v2\/posts"}],"about":[{"href":"https:\/\/agora.xtec.cat\/ies-viladegracia\/wp-json\/wp\/v2\/types\/post"}],"author":[{"embeddable":true,"href":"https:\/\/agora.xtec.cat\/ies-viladegracia\/wp-json\/wp\/v2\/users\/1"}],"replies":[{"embeddable":true,"href":"https:\/\/agora.xtec.cat\/ies-viladegracia\/wp-json\/wp\/v2\/comments?post=6448"}],"version-history":[{"count":4,"href":"https:\/\/agora.xtec.cat\/ies-viladegracia\/wp-json\/wp\/v2\/posts\/6448\/revisions"}],"predecessor-version":[{"id":6474,"href":"https:\/\/agora.xtec.cat\/ies-viladegracia\/wp-json\/wp\/v2\/posts\/6448\/revisions\/6474"}],"wp:featuredmedia":[{"embeddable":true,"href":"https:\/\/agora.xtec.cat\/ies-viladegracia\/wp-json\/wp\/v2\/media\/6449"}],"wp:attachment":[{"href":"https:\/\/agora.xtec.cat\/ies-viladegracia\/wp-json\/wp\/v2\/media?parent=6448"}],"wp:term":[{"taxonomy":"category","embeddable":true,"href":"https:\/\/agora.xtec.cat\/ies-viladegracia\/wp-json\/wp\/v2\/categories?post=6448"},{"taxonomy":"post_tag","embeddable":true,"href":"https:\/\/agora.xtec.cat\/ies-viladegracia\/wp-json\/wp\/v2\/tags?post=6448"}],"curies":[{"name":"wp","href":"https:\/\/api.w.org\/{rel}","templated":true}]}}