{"id":6282,"date":"2021-04-16T07:02:35","date_gmt":"2021-04-16T05:02:35","guid":{"rendered":"https:\/\/agora.xtec.cat\/ies-viladegracia\/?p=6282"},"modified":"2021-04-15T09:09:09","modified_gmt":"2021-04-15T07:09:09","slug":"relaxacio-al-parc-2","status":"publish","type":"post","link":"https:\/\/agora.xtec.cat\/ies-viladegracia\/comunitat-educativa\/nivells-educatius\/eso\/4t-eso\/relaxacio-al-parc-2\/","title":{"rendered":"Relaxaci\u00f3 al parc 2"},"content":{"rendered":"<p><a href=\"https:\/\/agora.xtec.cat\/ies-viladegracia\/wp-content\/uploads\/usu241\/2021\/04\/5DA4385B-3797-437D-90DE-2A6B8D010AEF.jpeg\"><img loading=\"lazy\" decoding=\"async\" class=\"size-full wp-image-6283 alignleft\" src=\"https:\/\/agora.xtec.cat\/ies-viladegracia\/wp-content\/uploads\/usu241\/2021\/04\/5DA4385B-3797-437D-90DE-2A6B8D010AEF.jpeg\" alt=\"\" width=\"640\" height=\"640\" srcset=\"https:\/\/agora.xtec.cat\/ies-viladegracia\/wp-content\/uploads\/usu241\/2021\/04\/5DA4385B-3797-437D-90DE-2A6B8D010AEF.jpeg 640w, https:\/\/agora.xtec.cat\/ies-viladegracia\/wp-content\/uploads\/usu241\/2021\/04\/5DA4385B-3797-437D-90DE-2A6B8D010AEF-150x150.jpeg 150w, https:\/\/agora.xtec.cat\/ies-viladegracia\/wp-content\/uploads\/usu241\/2021\/04\/5DA4385B-3797-437D-90DE-2A6B8D010AEF-300x300.jpeg 300w\" sizes=\"auto, (max-width: 640px) 100vw, 640px\" \/><\/a>L&#8217;alumnat de 4t d&#8217;ESO ha continuat treballant la relaxaci\u00f3 amb sortides al Parc del Tur\u00f3. En aquesta ocasi\u00f3 <a href=\"https:\/\/beteve.cat\/\">Beteve<\/a> ens va voler acompanyar i va gravar una de les sessions. Aqu\u00ed en teniu un recull de fotos per\u00f2 les podeu veure totes a<a href=\"https:\/\/photos.app.goo.gl\/QV59FWQT2AB1DkdJA\"> l&#8217;\u00e0lbum que hem fet<\/a>.<\/p>\n<p>Tamb\u00e9 podeu veure aquest <a href=\"https:\/\/youtu.be\/2sci85f23vI\">v\u00eddeo<\/a> que hem gravat.<\/p>\n","protected":false},"excerpt":{"rendered":"<p><a href=\"https:\/\/agora.xtec.cat\/ies-viladegracia\/wp-content\/uploads\/usu241\/2021\/04\/5DA4385B-3797-437D-90DE-2A6B8D010AEF.jpeg\"><\/a>L&#8217;alumnat de 4t d&#8217;ESO ha continuat treballant la relaxaci\u00f3 amb sortides al Parc del Tur\u00f3. En aquesta ocasi\u00f3 <a href=\"https:\/\/beteve.cat\/\">Beteve<\/a> ens va voler acompanyar i va gravar una de les sessions. Aqu\u00ed en teniu un recull de fotos per\u00f2 les podeu veure totes a<a&hellip;  <a href=\"https:\/\/agora.xtec.cat\/ies-viladegracia\/comunitat-educativa\/nivells-educatius\/eso\/4t-eso\/relaxacio-al-parc-2\/\" title=\"Read Relaxaci\u00f3 al parc 2\">Llegeix m\u00e9s\u00bb<\/a><\/p>\n","protected":false},"author":1,"featured_media":6283,"comment_status":"open","ping_status":"closed","sticky":false,"template":"","format":"standard","meta":{"footnotes":""},"categories":[7,104,198,29,105],"tags":[534,1371,734],"class_list":["post-6282","post","type-post","status-publish","format-standard","has-post-thumbnail","hentry","category-4t-eso","category-activitats","category-educacio-fisica","category-portada","category-sortides","tag-beteve","tag-parc-del-turo","tag-relaxacio"],"post_mailing_queue_ids":[],"_links":{"self":[{"href":"https:\/\/agora.xtec.cat\/ies-viladegracia\/wp-json\/wp\/v2\/posts\/6282","targetHints":{"allow":["GET"]}}],"collection":[{"href":"https:\/\/agora.xtec.cat\/ies-viladegracia\/wp-json\/wp\/v2\/posts"}],"about":[{"href":"https:\/\/agora.xtec.cat\/ies-viladegracia\/wp-json\/wp\/v2\/types\/post"}],"author":[{"embeddable":true,"href":"https:\/\/agora.xtec.cat\/ies-viladegracia\/wp-json\/wp\/v2\/users\/1"}],"replies":[{"embeddable":true,"href":"https:\/\/agora.xtec.cat\/ies-viladegracia\/wp-json\/wp\/v2\/comments?post=6282"}],"version-history":[{"count":1,"href":"https:\/\/agora.xtec.cat\/ies-viladegracia\/wp-json\/wp\/v2\/posts\/6282\/revisions"}],"predecessor-version":[{"id":6284,"href":"https:\/\/agora.xtec.cat\/ies-viladegracia\/wp-json\/wp\/v2\/posts\/6282\/revisions\/6284"}],"wp:featuredmedia":[{"embeddable":true,"href":"https:\/\/agora.xtec.cat\/ies-viladegracia\/wp-json\/wp\/v2\/media\/6283"}],"wp:attachment":[{"href":"https:\/\/agora.xtec.cat\/ies-viladegracia\/wp-json\/wp\/v2\/media?parent=6282"}],"wp:term":[{"taxonomy":"category","embeddable":true,"href":"https:\/\/agora.xtec.cat\/ies-viladegracia\/wp-json\/wp\/v2\/categories?post=6282"},{"taxonomy":"post_tag","embeddable":true,"href":"https:\/\/agora.xtec.cat\/ies-viladegracia\/wp-json\/wp\/v2\/tags?post=6282"}],"curies":[{"name":"wp","href":"https:\/\/api.w.org\/{rel}","templated":true}]}}