{"id":6274,"date":"2021-04-14T12:07:54","date_gmt":"2021-04-14T10:07:54","guid":{"rendered":"https:\/\/agora.xtec.cat\/ies-viladegracia\/?p=6274"},"modified":"2021-04-14T12:08:23","modified_gmt":"2021-04-14T10:08:23","slug":"concurs-de-reptes-linguistics","status":"publish","type":"post","link":"https:\/\/agora.xtec.cat\/ies-viladegracia\/comunitat-educativa\/nivells-educatius\/eso\/concurs-de-reptes-linguistics\/","title":{"rendered":"Concurs de reptes ling\u00fc\u00edstics"},"content":{"rendered":"<p><a href=\"https:\/\/agora.xtec.cat\/ies-viladegracia\/wp-content\/uploads\/usu241\/2021\/04\/repteslinguistics.jpeg\"><img loading=\"lazy\" decoding=\"async\" class=\"size-full wp-image-6275 alignleft\" src=\"https:\/\/agora.xtec.cat\/ies-viladegracia\/wp-content\/uploads\/usu241\/2021\/04\/repteslinguistics.jpeg\" alt=\"\" width=\"450\" height=\"600\" srcset=\"https:\/\/agora.xtec.cat\/ies-viladegracia\/wp-content\/uploads\/usu241\/2021\/04\/repteslinguistics.jpeg 450w, https:\/\/agora.xtec.cat\/ies-viladegracia\/wp-content\/uploads\/usu241\/2021\/04\/repteslinguistics-225x300.jpeg 225w\" sizes=\"auto, (max-width: 450px) 100vw, 450px\" \/><\/a>Atenci\u00f3 a tot l&#8217;alumnat del Vila!<br \/>\nA partir del proper dilluns 19 d&#8217;abril i fins al dia de Sant Jordi trobareu cada dia un repte ling\u00fc\u00edstic a l&#8217;entrada de l&#8217;institut. Esteu totes convidades a participar en aquest concurs que tindr\u00e0 premi per aquell\/a qui tingui m\u00e9s encerts! Animeu-vos-hi!<\/p>\n","protected":false},"excerpt":{"rendered":"<p><a href=\"https:\/\/agora.xtec.cat\/ies-viladegracia\/wp-content\/uploads\/usu241\/2021\/04\/repteslinguistics.jpeg\"><\/a>Atenci\u00f3 a tot l&#8217;alumnat del Vila!<br \/>\nA partir del proper dilluns 19 d&#8217;abril i fins al dia de Sant Jordi trobareu cada dia un repte ling\u00fc\u00edstic a l&#8217;entrada de l&#8217;institut. Esteu totes convidades a participar en aquest concurs que tindr\u00e0 premi per aquell\/a qui tingui&hellip;  <a href=\"https:\/\/agora.xtec.cat\/ies-viladegracia\/comunitat-educativa\/nivells-educatius\/eso\/concurs-de-reptes-linguistics\/\" title=\"Read Concurs de reptes ling\u00fc\u00edstics\">Llegeix m\u00e9s\u00bb<\/a><\/p>\n","protected":false},"author":1,"featured_media":6275,"comment_status":"open","ping_status":"closed","sticky":false,"template":"","format":"standard","meta":{"footnotes":""},"categories":[164,5,6,7,104,8,283,282,3,29,109],"tags":[],"class_list":["post-6274","post","type-post","status-publish","format-standard","has-post-thumbnail","hentry","category-1r-eso","category-2n-eso","category-3r-eso","category-4t-eso","category-activitats","category-batxillerat","category-castella","category-catala","category-eso","category-portada","category-santjordi"],"post_mailing_queue_ids":[],"_links":{"self":[{"href":"https:\/\/agora.xtec.cat\/ies-viladegracia\/wp-json\/wp\/v2\/posts\/6274","targetHints":{"allow":["GET"]}}],"collection":[{"href":"https:\/\/agora.xtec.cat\/ies-viladegracia\/wp-json\/wp\/v2\/posts"}],"about":[{"href":"https:\/\/agora.xtec.cat\/ies-viladegracia\/wp-json\/wp\/v2\/types\/post"}],"author":[{"embeddable":true,"href":"https:\/\/agora.xtec.cat\/ies-viladegracia\/wp-json\/wp\/v2\/users\/1"}],"replies":[{"embeddable":true,"href":"https:\/\/agora.xtec.cat\/ies-viladegracia\/wp-json\/wp\/v2\/comments?post=6274"}],"version-history":[{"count":1,"href":"https:\/\/agora.xtec.cat\/ies-viladegracia\/wp-json\/wp\/v2\/posts\/6274\/revisions"}],"predecessor-version":[{"id":6276,"href":"https:\/\/agora.xtec.cat\/ies-viladegracia\/wp-json\/wp\/v2\/posts\/6274\/revisions\/6276"}],"wp:featuredmedia":[{"embeddable":true,"href":"https:\/\/agora.xtec.cat\/ies-viladegracia\/wp-json\/wp\/v2\/media\/6275"}],"wp:attachment":[{"href":"https:\/\/agora.xtec.cat\/ies-viladegracia\/wp-json\/wp\/v2\/media?parent=6274"}],"wp:term":[{"taxonomy":"category","embeddable":true,"href":"https:\/\/agora.xtec.cat\/ies-viladegracia\/wp-json\/wp\/v2\/categories?post=6274"},{"taxonomy":"post_tag","embeddable":true,"href":"https:\/\/agora.xtec.cat\/ies-viladegracia\/wp-json\/wp\/v2\/tags?post=6274"}],"curies":[{"name":"wp","href":"https:\/\/api.w.org\/{rel}","templated":true}]}}