{"id":6270,"date":"2021-04-09T07:00:24","date_gmt":"2021-04-09T05:00:24","guid":{"rendered":"https:\/\/agora.xtec.cat\/ies-viladegracia\/?p=6270"},"modified":"2021-04-15T08:59:18","modified_gmt":"2021-04-15T06:59:18","slug":"pedala","status":"publish","type":"post","link":"https:\/\/agora.xtec.cat\/ies-viladegracia\/comunitat-educativa\/nivells-educatius\/eso\/4t-eso\/pedala\/","title":{"rendered":"Pedala!"},"content":{"rendered":"<p><a href=\"https:\/\/agora.xtec.cat\/ies-viladegracia\/wp-content\/uploads\/usu241\/2021\/04\/Pedala.jpg\"><img loading=\"lazy\" decoding=\"async\" class=\"size-full wp-image-6271 alignleft\" src=\"https:\/\/agora.xtec.cat\/ies-viladegracia\/wp-content\/uploads\/usu241\/2021\/04\/Pedala.jpg\" alt=\"\" width=\"600\" height=\"450\" srcset=\"https:\/\/agora.xtec.cat\/ies-viladegracia\/wp-content\/uploads\/usu241\/2021\/04\/Pedala.jpg 600w, https:\/\/agora.xtec.cat\/ies-viladegracia\/wp-content\/uploads\/usu241\/2021\/04\/Pedala-300x225.jpg 300w, https:\/\/agora.xtec.cat\/ies-viladegracia\/wp-content\/uploads\/usu241\/2021\/04\/Pedala-200x150.jpg 200w\" sizes=\"auto, (max-width: 600px) 100vw, 600px\" \/><\/a>Aqu\u00ed teniu l&#8217;\u00e0lbum de fotos de l&#8217;activitat al voltant del ciclisme que la professora d&#8217;Educaci\u00f3 F\u00edsica Alba Marquina va programar abans de les vacances. Podeu veure totes les fotos clicant a l&#8217;<a href=\"https:\/\/photos.app.goo.gl\/fefqrBitLz7r3BHw7\">enlla\u00e7<\/a>.<\/p>\n","protected":false},"excerpt":{"rendered":"<p><a href=\"https:\/\/agora.xtec.cat\/ies-viladegracia\/wp-content\/uploads\/usu241\/2021\/04\/Pedala.jpg\"><\/a>Aqu\u00ed teniu l&#8217;\u00e0lbum de fotos de l&#8217;activitat al voltant del ciclisme que la professora d&#8217;Educaci\u00f3 F\u00edsica Alba Marquina va programar abans de les vacances. Podeu veure totes les fotos clicant a l&#8217;<a href=\"https:\/\/photos.app.goo.gl\/fefqrBitLz7r3BHw7\">enlla\u00e7<\/a>.<\/p>\n","protected":false},"author":1,"featured_media":6271,"comment_status":"open","ping_status":"closed","sticky":false,"template":"","format":"standard","meta":{"footnotes":""},"categories":[7,104,198,29,105],"tags":[1370,277,1369],"class_list":["post-6270","post","type-post","status-publish","format-standard","has-post-thumbnail","hentry","category-4t-eso","category-activitats","category-educacio-fisica","category-portada","category-sortides","tag-ciclisme","tag-esport","tag-pedala"],"post_mailing_queue_ids":[],"_links":{"self":[{"href":"https:\/\/agora.xtec.cat\/ies-viladegracia\/wp-json\/wp\/v2\/posts\/6270","targetHints":{"allow":["GET"]}}],"collection":[{"href":"https:\/\/agora.xtec.cat\/ies-viladegracia\/wp-json\/wp\/v2\/posts"}],"about":[{"href":"https:\/\/agora.xtec.cat\/ies-viladegracia\/wp-json\/wp\/v2\/types\/post"}],"author":[{"embeddable":true,"href":"https:\/\/agora.xtec.cat\/ies-viladegracia\/wp-json\/wp\/v2\/users\/1"}],"replies":[{"embeddable":true,"href":"https:\/\/agora.xtec.cat\/ies-viladegracia\/wp-json\/wp\/v2\/comments?post=6270"}],"version-history":[{"count":2,"href":"https:\/\/agora.xtec.cat\/ies-viladegracia\/wp-json\/wp\/v2\/posts\/6270\/revisions"}],"predecessor-version":[{"id":6278,"href":"https:\/\/agora.xtec.cat\/ies-viladegracia\/wp-json\/wp\/v2\/posts\/6270\/revisions\/6278"}],"wp:featuredmedia":[{"embeddable":true,"href":"https:\/\/agora.xtec.cat\/ies-viladegracia\/wp-json\/wp\/v2\/media\/6271"}],"wp:attachment":[{"href":"https:\/\/agora.xtec.cat\/ies-viladegracia\/wp-json\/wp\/v2\/media?parent=6270"}],"wp:term":[{"taxonomy":"category","embeddable":true,"href":"https:\/\/agora.xtec.cat\/ies-viladegracia\/wp-json\/wp\/v2\/categories?post=6270"},{"taxonomy":"post_tag","embeddable":true,"href":"https:\/\/agora.xtec.cat\/ies-viladegracia\/wp-json\/wp\/v2\/tags?post=6270"}],"curies":[{"name":"wp","href":"https:\/\/api.w.org\/{rel}","templated":true}]}}