{"id":6158,"date":"2021-03-11T07:00:27","date_gmt":"2021-03-11T06:00:27","guid":{"rendered":"https:\/\/agora.xtec.cat\/ies-viladegracia\/?p=6158"},"modified":"2021-03-15T09:51:51","modified_gmt":"2021-03-15T08:51:51","slug":"vela-al-port-olimpic","status":"publish","type":"post","link":"https:\/\/agora.xtec.cat\/ies-viladegracia\/portada\/vela-al-port-olimpic\/","title":{"rendered":"Vela al Port Ol\u00edmpic"},"content":{"rendered":"<p><a href=\"https:\/\/agora.xtec.cat\/ies-viladegracia\/wp-content\/uploads\/usu241\/2021\/03\/Vela-1r-eso-c.jpg\"><img loading=\"lazy\" decoding=\"async\" class=\"size-full wp-image-6156 alignleft\" src=\"https:\/\/agora.xtec.cat\/ies-viladegracia\/wp-content\/uploads\/usu241\/2021\/03\/Vela-1r-eso-c.jpg\" alt=\"\" width=\"600\" height=\"377\" srcset=\"https:\/\/agora.xtec.cat\/ies-viladegracia\/wp-content\/uploads\/usu241\/2021\/03\/Vela-1r-eso-c.jpg 600w, https:\/\/agora.xtec.cat\/ies-viladegracia\/wp-content\/uploads\/usu241\/2021\/03\/Vela-1r-eso-c-300x189.jpg 300w\" sizes=\"auto, (max-width: 600px) 100vw, 600px\" \/><\/a> <a href=\"https:\/\/agora.xtec.cat\/ies-viladegracia\/wp-content\/uploads\/usu241\/2021\/03\/Vela.jpg\"><img loading=\"lazy\" decoding=\"async\" class=\"size-full wp-image-6155 alignleft\" src=\"https:\/\/agora.xtec.cat\/ies-viladegracia\/wp-content\/uploads\/usu241\/2021\/03\/Vela.jpg\" alt=\"\" width=\"600\" height=\"600\" srcset=\"https:\/\/agora.xtec.cat\/ies-viladegracia\/wp-content\/uploads\/usu241\/2021\/03\/Vela.jpg 600w, https:\/\/agora.xtec.cat\/ies-viladegracia\/wp-content\/uploads\/usu241\/2021\/03\/Vela-150x150.jpg 150w, https:\/\/agora.xtec.cat\/ies-viladegracia\/wp-content\/uploads\/usu241\/2021\/03\/Vela-300x300.jpg 300w\" sizes=\"auto, (max-width: 600px) 100vw, 600px\" \/><\/a>1r d&#8217;ESO C ja ha comen\u00e7at a fer el curs de vela al Port Ol\u00edmpic que durant el curs realitzar\u00e0 tot l&#8217;alumnat. La sortida inclou diverses disciplines n\u00e0utiques i es far\u00e0 durant m\u00e9s d&#8217;un dia. Les professores Laia Cabot i Mar Vara han estat les acompanyants de la sortida.<\/p>\n","protected":false},"excerpt":{"rendered":"<p><a href=\"https:\/\/agora.xtec.cat\/ies-viladegracia\/wp-content\/uploads\/usu241\/2021\/03\/Vela-1r-eso-c.jpg\"><\/a> <a href=\"https:\/\/agora.xtec.cat\/ies-viladegracia\/wp-content\/uploads\/usu241\/2021\/03\/Vela.jpg\"><\/a>1r d&#8217;ESO C ja ha comen\u00e7at a fer el curs de vela al Port Ol\u00edmpic que durant el curs realitzar\u00e0 tot l&#8217;alumnat. La sortida inclou diverses disciplines n\u00e0utiques i es far\u00e0 durant m\u00e9s d&#8217;un dia. Les professores Laia Cabot i Mar Vara&hellip;  <a href=\"https:\/\/agora.xtec.cat\/ies-viladegracia\/portada\/vela-al-port-olimpic\/\" title=\"Read Vela al Port Ol\u00edmpic\">Llegeix m\u00e9s\u00bb<\/a><\/p>\n","protected":false},"author":1,"featured_media":6156,"comment_status":"open","ping_status":"closed","sticky":false,"template":"","format":"standard","meta":{"footnotes":""},"categories":[164,104,29,105],"tags":[1339,1338,1270],"class_list":["post-6158","post","type-post","status-publish","format-standard","has-post-thumbnail","hentry","category-1r-eso","category-activitats","category-portada","category-sortides","tag-port","tag-port-olimpic","tag-vela"],"post_mailing_queue_ids":[],"_links":{"self":[{"href":"https:\/\/agora.xtec.cat\/ies-viladegracia\/wp-json\/wp\/v2\/posts\/6158","targetHints":{"allow":["GET"]}}],"collection":[{"href":"https:\/\/agora.xtec.cat\/ies-viladegracia\/wp-json\/wp\/v2\/posts"}],"about":[{"href":"https:\/\/agora.xtec.cat\/ies-viladegracia\/wp-json\/wp\/v2\/types\/post"}],"author":[{"embeddable":true,"href":"https:\/\/agora.xtec.cat\/ies-viladegracia\/wp-json\/wp\/v2\/users\/1"}],"replies":[{"embeddable":true,"href":"https:\/\/agora.xtec.cat\/ies-viladegracia\/wp-json\/wp\/v2\/comments?post=6158"}],"version-history":[{"count":2,"href":"https:\/\/agora.xtec.cat\/ies-viladegracia\/wp-json\/wp\/v2\/posts\/6158\/revisions"}],"predecessor-version":[{"id":6167,"href":"https:\/\/agora.xtec.cat\/ies-viladegracia\/wp-json\/wp\/v2\/posts\/6158\/revisions\/6167"}],"wp:featuredmedia":[{"embeddable":true,"href":"https:\/\/agora.xtec.cat\/ies-viladegracia\/wp-json\/wp\/v2\/media\/6156"}],"wp:attachment":[{"href":"https:\/\/agora.xtec.cat\/ies-viladegracia\/wp-json\/wp\/v2\/media?parent=6158"}],"wp:term":[{"taxonomy":"category","embeddable":true,"href":"https:\/\/agora.xtec.cat\/ies-viladegracia\/wp-json\/wp\/v2\/categories?post=6158"},{"taxonomy":"post_tag","embeddable":true,"href":"https:\/\/agora.xtec.cat\/ies-viladegracia\/wp-json\/wp\/v2\/tags?post=6158"}],"curies":[{"name":"wp","href":"https:\/\/api.w.org\/{rel}","templated":true}]}}