{"id":6102,"date":"2021-02-27T07:00:22","date_gmt":"2021-02-27T06:00:22","guid":{"rendered":"https:\/\/agora.xtec.cat\/ies-viladegracia\/?p=6102"},"modified":"2021-02-26T10:12:49","modified_gmt":"2021-02-26T09:12:49","slug":"videoconferencies-amb-les-escoles-adscrites","status":"publish","type":"post","link":"https:\/\/agora.xtec.cat\/ies-viladegracia\/portada\/videoconferencies-amb-les-escoles-adscrites\/","title":{"rendered":"Videoconfer\u00e8ncies amb les escoles adscrites"},"content":{"rendered":"<p class=\"gmail_default\"><a href=\"https:\/\/agora.xtec.cat\/ies-viladegracia\/wp-content\/uploads\/usu241\/2021\/02\/IMG_5194.jpg\"><img loading=\"lazy\" decoding=\"async\" class=\"size-full wp-image-6103 alignleft\" src=\"https:\/\/agora.xtec.cat\/ies-viladegracia\/wp-content\/uploads\/usu241\/2021\/02\/IMG_5194.jpg\" alt=\"\" width=\"640\" height=\"480\" srcset=\"https:\/\/agora.xtec.cat\/ies-viladegracia\/wp-content\/uploads\/usu241\/2021\/02\/IMG_5194.jpg 640w, https:\/\/agora.xtec.cat\/ies-viladegracia\/wp-content\/uploads\/usu241\/2021\/02\/IMG_5194-300x225.jpg 300w, https:\/\/agora.xtec.cat\/ies-viladegracia\/wp-content\/uploads\/usu241\/2021\/02\/IMG_5194-200x150.jpg 200w\" sizes=\"auto, (max-width: 640px) 100vw, 640px\" \/><\/a>\u00a0 <a href=\"https:\/\/agora.xtec.cat\/ies-viladegracia\/wp-content\/uploads\/usu241\/2021\/02\/IMG_5206.jpg\"><img loading=\"lazy\" decoding=\"async\" class=\"size-large wp-image-6105 alignleft\" src=\"https:\/\/agora.xtec.cat\/ies-viladegracia\/wp-content\/uploads\/usu241\/2021\/02\/IMG_5206.jpg\" alt=\"\" width=\"640\" height=\"480\" srcset=\"https:\/\/agora.xtec.cat\/ies-viladegracia\/wp-content\/uploads\/usu241\/2021\/02\/IMG_5206.jpg 640w, https:\/\/agora.xtec.cat\/ies-viladegracia\/wp-content\/uploads\/usu241\/2021\/02\/IMG_5206-300x225.jpg 300w, https:\/\/agora.xtec.cat\/ies-viladegracia\/wp-content\/uploads\/usu241\/2021\/02\/IMG_5206-200x150.jpg 200w\" sizes=\"auto, (max-width: 640px) 100vw, 640px\" \/><\/a>La setmana passada alumnes de 1r d&#8217;ESo van explicar el funcionament de l&#8217;institut a l&#8217;alumnat de 6\u00e8 de prim\u00e0ria de les escoles adscrites: <a href=\"https:\/\/agora.xtec.cat\/escolajujol\/\">Josep M. Jujol<\/a>, <a href=\"https:\/\/agora.xtec.cat\/escolampdomenech\/\">Patronat Dom\u00e8nech<\/a>, <a href=\"https:\/\/agora.xtec.cat\/ceipm-reina-violant\/\">Reina Violant<\/a> i <a href=\"https:\/\/baldirireixac.org\/\">Baldiri i Reixac.<\/a><\/p>\n<p class=\"gmail_default\">Degut a la pand\u00e8mia aquest any l&#8217;acompanyament de l&#8217;alumnat de 1r d&#8217;ESO respecte als de sis\u00e8 s&#8217;ha fet online. Aqu\u00ed teniu algunes fotos de les videoconfer\u00e8ncies.<\/p>\n<p class=\"gmail_default\">\n","protected":false},"excerpt":{"rendered":"<p><a href=\"https:\/\/agora.xtec.cat\/ies-viladegracia\/wp-content\/uploads\/usu241\/2021\/02\/IMG_5194.jpg\"><\/a>\u00a0 <a href=\"https:\/\/agora.xtec.cat\/ies-viladegracia\/wp-content\/uploads\/usu241\/2021\/02\/IMG_5206.jpg\"><\/a>La setmana passada alumnes de 1r d&#8217;ESo van explicar el funcionament de l&#8217;institut a l&#8217;alumnat de 6\u00e8 de prim\u00e0ria de les escoles adscrites: <a href=\"https:\/\/agora.xtec.cat\/escolajujol\/\">Josep M. Jujol<\/a>, <a href=\"https:\/\/agora.xtec.cat\/escolampdomenech\/\">Patronat Dom\u00e8nech<\/a>, <a href=\"https:\/\/agora.xtec.cat\/ceipm-reina-violant\/\">Reina Violant<\/a> i <a href=\"https:\/\/baldirireixac.org\/\">Baldiri i Reixac.<\/a><br \/>\nDegut a la pand\u00e8mia aquest&hellip;  <a href=\"https:\/\/agora.xtec.cat\/ies-viladegracia\/portada\/videoconferencies-amb-les-escoles-adscrites\/\" title=\"Read Videoconfer\u00e8ncies amb les escoles adscrites\">Llegeix m\u00e9s\u00bb<\/a><\/p>\n","protected":false},"author":1,"featured_media":6104,"comment_status":"open","ping_status":"closed","sticky":false,"template":"","format":"standard","meta":{"footnotes":""},"categories":[164,104,29,105],"tags":[1330,1329,1188,1189],"class_list":["post-6102","post","type-post","status-publish","format-standard","has-post-thumbnail","hentry","category-1r-eso","category-activitats","category-portada","category-sortides","tag-escola-baldiri-reixach","tag-escola-jujol","tag-escola-patronat-domenech","tag-escola-reina-violant"],"post_mailing_queue_ids":[],"_links":{"self":[{"href":"https:\/\/agora.xtec.cat\/ies-viladegracia\/wp-json\/wp\/v2\/posts\/6102","targetHints":{"allow":["GET"]}}],"collection":[{"href":"https:\/\/agora.xtec.cat\/ies-viladegracia\/wp-json\/wp\/v2\/posts"}],"about":[{"href":"https:\/\/agora.xtec.cat\/ies-viladegracia\/wp-json\/wp\/v2\/types\/post"}],"author":[{"embeddable":true,"href":"https:\/\/agora.xtec.cat\/ies-viladegracia\/wp-json\/wp\/v2\/users\/1"}],"replies":[{"embeddable":true,"href":"https:\/\/agora.xtec.cat\/ies-viladegracia\/wp-json\/wp\/v2\/comments?post=6102"}],"version-history":[{"count":1,"href":"https:\/\/agora.xtec.cat\/ies-viladegracia\/wp-json\/wp\/v2\/posts\/6102\/revisions"}],"predecessor-version":[{"id":6106,"href":"https:\/\/agora.xtec.cat\/ies-viladegracia\/wp-json\/wp\/v2\/posts\/6102\/revisions\/6106"}],"wp:featuredmedia":[{"embeddable":true,"href":"https:\/\/agora.xtec.cat\/ies-viladegracia\/wp-json\/wp\/v2\/media\/6104"}],"wp:attachment":[{"href":"https:\/\/agora.xtec.cat\/ies-viladegracia\/wp-json\/wp\/v2\/media?parent=6102"}],"wp:term":[{"taxonomy":"category","embeddable":true,"href":"https:\/\/agora.xtec.cat\/ies-viladegracia\/wp-json\/wp\/v2\/categories?post=6102"},{"taxonomy":"post_tag","embeddable":true,"href":"https:\/\/agora.xtec.cat\/ies-viladegracia\/wp-json\/wp\/v2\/tags?post=6102"}],"curies":[{"name":"wp","href":"https:\/\/api.w.org\/{rel}","templated":true}]}}