{"id":5726,"date":"2020-11-26T08:00:07","date_gmt":"2020-11-26T07:00:07","guid":{"rendered":"https:\/\/agora.xtec.cat\/ies-viladegracia\/?p=5726"},"modified":"2020-11-25T08:30:28","modified_gmt":"2020-11-25T07:30:28","slug":"la-biblioteca-a-cada-una-de-les-aules","status":"publish","type":"post","link":"https:\/\/agora.xtec.cat\/ies-viladegracia\/portada\/la-biblioteca-a-cada-una-de-les-aules\/","title":{"rendered":"A cada aula una biblioteca"},"content":{"rendered":"<p><a href=\"https:\/\/agora.xtec.cat\/ies-viladegracia\/wp-content\/uploads\/usu241\/2020\/11\/Llibres.jpg\"><img loading=\"lazy\" decoding=\"async\" class=\"size-full wp-image-5727 alignleft\" src=\"https:\/\/agora.xtec.cat\/ies-viladegracia\/wp-content\/uploads\/usu241\/2020\/11\/Llibres.jpg\" alt=\"\" width=\"600\" height=\"600\" srcset=\"https:\/\/agora.xtec.cat\/ies-viladegracia\/wp-content\/uploads\/usu241\/2020\/11\/Llibres.jpg 600w, https:\/\/agora.xtec.cat\/ies-viladegracia\/wp-content\/uploads\/usu241\/2020\/11\/Llibres-150x150.jpg 150w, https:\/\/agora.xtec.cat\/ies-viladegracia\/wp-content\/uploads\/usu241\/2020\/11\/Llibres-300x300.jpg 300w\" sizes=\"auto, (max-width: 600px) 100vw, 600px\" \/><\/a>La Carme, bibliotec\u00e0ria del Vila, avui ha arribat a la classe de 1r d&#8217;ESO C carregada de llibres. Hi ha hagut un llibre per a cadasc\u00fa de nosaltres. Hem pogut parlar d&#8217;aventurers, poemes i moltes coses m\u00e9s. Ara, ja tenim biblioteca a l&#8217;aula, els altres grups tamb\u00e9 en tenen. Comen\u00e7arem llegint un llibre i, en acabar-lo, ens els intercanviarem fins a trobar el nostre llibre preferit.<\/p>\n","protected":false},"excerpt":{"rendered":"<p><a href=\"https:\/\/agora.xtec.cat\/ies-viladegracia\/wp-content\/uploads\/usu241\/2020\/11\/Llibres.jpg\"><\/a>La Carme, bibliotec\u00e0ria del Vila, avui ha arribat a la classe de 1r d&#8217;ESO C carregada de llibres. Hi ha hagut un llibre per a cadasc\u00fa de nosaltres. Hem pogut parlar d&#8217;aventurers, poemes i moltes coses m\u00e9s. Ara, ja tenim biblioteca a l&#8217;aula, els&hellip;  <a href=\"https:\/\/agora.xtec.cat\/ies-viladegracia\/portada\/la-biblioteca-a-cada-una-de-les-aules\/\" title=\"Read A cada aula una biblioteca\">Llegeix m\u00e9s\u00bb<\/a><\/p>\n","protected":false},"author":1,"featured_media":5727,"comment_status":"open","ping_status":"closed","sticky":false,"template":"","format":"standard","meta":{"footnotes":""},"categories":[164,104,144,173,29],"tags":[1255],"class_list":["post-5726","post","type-post","status-publish","format-standard","has-post-thumbnail","hentry","category-1r-eso","category-activitats","category-biblioteca","category-cultura-i-valors-etics","category-portada","tag-bibliotecaalaula"],"post_mailing_queue_ids":[],"_links":{"self":[{"href":"https:\/\/agora.xtec.cat\/ies-viladegracia\/wp-json\/wp\/v2\/posts\/5726","targetHints":{"allow":["GET"]}}],"collection":[{"href":"https:\/\/agora.xtec.cat\/ies-viladegracia\/wp-json\/wp\/v2\/posts"}],"about":[{"href":"https:\/\/agora.xtec.cat\/ies-viladegracia\/wp-json\/wp\/v2\/types\/post"}],"author":[{"embeddable":true,"href":"https:\/\/agora.xtec.cat\/ies-viladegracia\/wp-json\/wp\/v2\/users\/1"}],"replies":[{"embeddable":true,"href":"https:\/\/agora.xtec.cat\/ies-viladegracia\/wp-json\/wp\/v2\/comments?post=5726"}],"version-history":[{"count":3,"href":"https:\/\/agora.xtec.cat\/ies-viladegracia\/wp-json\/wp\/v2\/posts\/5726\/revisions"}],"predecessor-version":[{"id":5731,"href":"https:\/\/agora.xtec.cat\/ies-viladegracia\/wp-json\/wp\/v2\/posts\/5726\/revisions\/5731"}],"wp:featuredmedia":[{"embeddable":true,"href":"https:\/\/agora.xtec.cat\/ies-viladegracia\/wp-json\/wp\/v2\/media\/5727"}],"wp:attachment":[{"href":"https:\/\/agora.xtec.cat\/ies-viladegracia\/wp-json\/wp\/v2\/media?parent=5726"}],"wp:term":[{"taxonomy":"category","embeddable":true,"href":"https:\/\/agora.xtec.cat\/ies-viladegracia\/wp-json\/wp\/v2\/categories?post=5726"},{"taxonomy":"post_tag","embeddable":true,"href":"https:\/\/agora.xtec.cat\/ies-viladegracia\/wp-json\/wp\/v2\/tags?post=5726"}],"curies":[{"name":"wp","href":"https:\/\/api.w.org\/{rel}","templated":true}]}}