{"id":5702,"date":"2020-11-25T08:00:17","date_gmt":"2020-11-25T07:00:17","guid":{"rendered":"https:\/\/agora.xtec.cat\/ies-viladegracia\/?p=5702"},"modified":"2020-11-24T18:41:33","modified_gmt":"2020-11-24T17:41:33","slug":"sortida-de-2n-deso","status":"publish","type":"post","link":"https:\/\/agora.xtec.cat\/ies-viladegracia\/comunitat-educativa\/nivells-educatius\/eso\/2n-eso\/sortida-de-2n-deso\/","title":{"rendered":"Sortida de 2n d&#8217;ESO"},"content":{"rendered":"<p><a href=\"https:\/\/agora.xtec.cat\/ies-viladegracia\/wp-content\/uploads\/usu241\/2020\/11\/Sortida2n2.jpg\"><img loading=\"lazy\" decoding=\"async\" class=\"size-full wp-image-5703 alignleft\" src=\"https:\/\/agora.xtec.cat\/ies-viladegracia\/wp-content\/uploads\/usu241\/2020\/11\/Sortida2n2.jpg\" alt=\"\" width=\"600\" height=\"485\" srcset=\"https:\/\/agora.xtec.cat\/ies-viladegracia\/wp-content\/uploads\/usu241\/2020\/11\/Sortida2n2.jpg 600w, https:\/\/agora.xtec.cat\/ies-viladegracia\/wp-content\/uploads\/usu241\/2020\/11\/Sortida2n2-300x243.jpg 300w\" sizes=\"auto, (max-width: 600px) 100vw, 600px\" \/><\/a><\/p>\n<p>Divendres passat l&#8217;alumnat de 2n d&#8217;ESO va anar al Parc del Tur\u00f3 del <span style=\"font-family: inherit; font-size: 1em;\">Putxet en una sortida inclosa dins de les activitats programades per <\/span><span style=\"font-family: inherit; font-size: 1em;\">la Setmana de la Ci\u00e8ncia del nostre Institut. Un cops arribats van fer <\/span><span style=\"font-family: inherit; font-size: 1em;\">tres tallers: un d&#8217;Educaci\u00f3 F\u00edsica, un altre de Biologia i un tercer <\/span><span style=\"font-family: inherit; font-size: 1em;\">amb la col\u00b7laboraci\u00f3 del contacontes Carles Alcoy, que va explicar <\/span><span style=\"font-family: inherit; font-size: 1em;\">hist\u00f2ries sobre la natura.<\/span><\/p>\n<div>\n<div id=\"m_-2605254095331472910gmail-:n5\">\n<p id=\"m_-2605254095331472910gmail-:n4\">El taller d&#8217;Educaci\u00f3 F\u00edsica va promoure jocs de cooperaci\u00f3, estrat\u00e8gia i orientaci\u00f3 en el medi\u00a0 natural. El de Biologia va implicar fer un herbari <span class=\"im\">natural que despr\u00e9s treballaran a classe. Aix\u00ed dona gust aprendre!<\/span><\/p>\n<\/div>\n<\/div>\n","protected":false},"excerpt":{"rendered":"<p><a href=\"https:\/\/agora.xtec.cat\/ies-viladegracia\/wp-content\/uploads\/usu241\/2020\/11\/Sortida2n2.jpg\"><\/a><br \/>\nDivendres passat l&#8217;alumnat de 2n d&#8217;ESO va anar al Parc del Tur\u00f3 del Putxet en una sortida inclosa dins de les activitats programades per la Setmana de la Ci\u00e8ncia del nostre Institut. Un cops arribats van fer tres tallers: un d&#8217;Educaci\u00f3 F\u00edsica, un altre&hellip;  <a href=\"https:\/\/agora.xtec.cat\/ies-viladegracia\/comunitat-educativa\/nivells-educatius\/eso\/2n-eso\/sortida-de-2n-deso\/\" title=\"Read Sortida de 2n d&#8217;ESO\">Llegeix m\u00e9s\u00bb<\/a><\/p>\n","protected":false},"author":1,"featured_media":5703,"comment_status":"open","ping_status":"closed","sticky":false,"template":"","format":"standard","meta":{"footnotes":""},"categories":[5,104,29,880,105],"tags":[1253,1252,329,1246],"class_list":["post-5702","post","type-post","status-publish","format-standard","has-post-thumbnail","hentry","category-2n-eso","category-activitats","category-portada","category-setmana-de-la-ciencia","category-sortides","tag-estrategia","tag-herbari","tag-orientacio","tag-parc-del-turo-del-putxet"],"post_mailing_queue_ids":[],"_links":{"self":[{"href":"https:\/\/agora.xtec.cat\/ies-viladegracia\/wp-json\/wp\/v2\/posts\/5702","targetHints":{"allow":["GET"]}}],"collection":[{"href":"https:\/\/agora.xtec.cat\/ies-viladegracia\/wp-json\/wp\/v2\/posts"}],"about":[{"href":"https:\/\/agora.xtec.cat\/ies-viladegracia\/wp-json\/wp\/v2\/types\/post"}],"author":[{"embeddable":true,"href":"https:\/\/agora.xtec.cat\/ies-viladegracia\/wp-json\/wp\/v2\/users\/1"}],"replies":[{"embeddable":true,"href":"https:\/\/agora.xtec.cat\/ies-viladegracia\/wp-json\/wp\/v2\/comments?post=5702"}],"version-history":[{"count":3,"href":"https:\/\/agora.xtec.cat\/ies-viladegracia\/wp-json\/wp\/v2\/posts\/5702\/revisions"}],"predecessor-version":[{"id":5725,"href":"https:\/\/agora.xtec.cat\/ies-viladegracia\/wp-json\/wp\/v2\/posts\/5702\/revisions\/5725"}],"wp:featuredmedia":[{"embeddable":true,"href":"https:\/\/agora.xtec.cat\/ies-viladegracia\/wp-json\/wp\/v2\/media\/5703"}],"wp:attachment":[{"href":"https:\/\/agora.xtec.cat\/ies-viladegracia\/wp-json\/wp\/v2\/media?parent=5702"}],"wp:term":[{"taxonomy":"category","embeddable":true,"href":"https:\/\/agora.xtec.cat\/ies-viladegracia\/wp-json\/wp\/v2\/categories?post=5702"},{"taxonomy":"post_tag","embeddable":true,"href":"https:\/\/agora.xtec.cat\/ies-viladegracia\/wp-json\/wp\/v2\/tags?post=5702"}],"curies":[{"name":"wp","href":"https:\/\/api.w.org\/{rel}","templated":true}]}}