{"id":5699,"date":"2020-11-30T08:00:53","date_gmt":"2020-11-30T07:00:53","guid":{"rendered":"https:\/\/agora.xtec.cat\/ies-viladegracia\/?p=5699"},"modified":"2020-11-24T18:46:46","modified_gmt":"2020-11-24T17:46:46","slug":"comissio-de-genere-i-diversitat-3","status":"publish","type":"post","link":"https:\/\/agora.xtec.cat\/ies-viladegracia\/comunitat-educativa\/nivells-educatius\/eso\/comissio-de-genere-i-diversitat-3\/","title":{"rendered":"Comissi\u00f3 de g\u00e8nere i diversitat"},"content":{"rendered":"<p class=\"gmail_default\"><a href=\"https:\/\/agora.xtec.cat\/ies-viladegracia\/wp-content\/uploads\/usu241\/2020\/11\/comissio.jpg\"><img loading=\"lazy\" decoding=\"async\" class=\"size-full wp-image-5700 alignleft\" src=\"https:\/\/agora.xtec.cat\/ies-viladegracia\/wp-content\/uploads\/usu241\/2020\/11\/comissio.jpg\" alt=\"\" width=\"600\" height=\"472\" srcset=\"https:\/\/agora.xtec.cat\/ies-viladegracia\/wp-content\/uploads\/usu241\/2020\/11\/comissio.jpg 600w, https:\/\/agora.xtec.cat\/ies-viladegracia\/wp-content\/uploads\/usu241\/2020\/11\/comissio-300x236.jpg 300w\" sizes=\"auto, (max-width: 600px) 100vw, 600px\" \/><\/a>La <a href=\"https:\/\/agora.xtec.cat\/ies-viladegracia\/tag\/comissio-de-genere-i-diversitat\/\">comissi\u00f3 de g\u00e8nere i diversitat<\/a> que es va crear el curs passat, liderada per l&#8217;Oriol del <a href=\"https:\/\/ajuntament.barcelona.cat\/joves\/ca\/canal\/punts-infojove-de-barcelona\">PIJ<\/a> de Gr\u00e0cia (Punt d&#8217;Informaci\u00f3 Juvenil) ja est\u00e0\u00a0<i>escalfant motors.\u00a0<\/i>El dimecres 18 de novembre varen fer la primera reuni\u00f3 online per tal de programar noves activitats i fer-ne difusi\u00f3 a tot l&#8217;INS durant les properes setmanes. Tots els\/les alumnes esteu convidats a formar-ne part.<\/p>\n","protected":false},"excerpt":{"rendered":"<p><a href=\"https:\/\/agora.xtec.cat\/ies-viladegracia\/wp-content\/uploads\/usu241\/2020\/11\/comissio.jpg\"><\/a>La <a href=\"https:\/\/agora.xtec.cat\/ies-viladegracia\/tag\/comissio-de-genere-i-diversitat\/\">comissi\u00f3 de g\u00e8nere i diversitat<\/a> que es va crear el curs passat, liderada per l&#8217;Oriol del <a href=\"https:\/\/ajuntament.barcelona.cat\/joves\/ca\/canal\/punts-infojove-de-barcelona\">PIJ<\/a> de Gr\u00e0cia (Punt d&#8217;Informaci\u00f3 Juvenil) ja est\u00e0\u00a0escalfant motors.\u00a0El dimecres 18 de novembre varen fer la primera reuni\u00f3 online per tal de programar noves activitats&hellip;  <a href=\"https:\/\/agora.xtec.cat\/ies-viladegracia\/comunitat-educativa\/nivells-educatius\/eso\/comissio-de-genere-i-diversitat-3\/\" title=\"Read Comissi\u00f3 de g\u00e8nere i diversitat\">Llegeix m\u00e9s\u00bb<\/a><\/p>\n","protected":false},"author":1,"featured_media":5700,"comment_status":"open","ping_status":"closed","sticky":false,"template":"","format":"standard","meta":{"footnotes":""},"categories":[104,8,3,29],"tags":[1118,940],"class_list":["post-5699","post","type-post","status-publish","format-standard","has-post-thumbnail","hentry","category-activitats","category-batxillerat","category-eso","category-portada","tag-comissio-de-genere-i-diversitat","tag-punt-jip-gracia"],"post_mailing_queue_ids":[],"_links":{"self":[{"href":"https:\/\/agora.xtec.cat\/ies-viladegracia\/wp-json\/wp\/v2\/posts\/5699","targetHints":{"allow":["GET"]}}],"collection":[{"href":"https:\/\/agora.xtec.cat\/ies-viladegracia\/wp-json\/wp\/v2\/posts"}],"about":[{"href":"https:\/\/agora.xtec.cat\/ies-viladegracia\/wp-json\/wp\/v2\/types\/post"}],"author":[{"embeddable":true,"href":"https:\/\/agora.xtec.cat\/ies-viladegracia\/wp-json\/wp\/v2\/users\/1"}],"replies":[{"embeddable":true,"href":"https:\/\/agora.xtec.cat\/ies-viladegracia\/wp-json\/wp\/v2\/comments?post=5699"}],"version-history":[{"count":3,"href":"https:\/\/agora.xtec.cat\/ies-viladegracia\/wp-json\/wp\/v2\/posts\/5699\/revisions"}],"predecessor-version":[{"id":5728,"href":"https:\/\/agora.xtec.cat\/ies-viladegracia\/wp-json\/wp\/v2\/posts\/5699\/revisions\/5728"}],"wp:featuredmedia":[{"embeddable":true,"href":"https:\/\/agora.xtec.cat\/ies-viladegracia\/wp-json\/wp\/v2\/media\/5700"}],"wp:attachment":[{"href":"https:\/\/agora.xtec.cat\/ies-viladegracia\/wp-json\/wp\/v2\/media?parent=5699"}],"wp:term":[{"taxonomy":"category","embeddable":true,"href":"https:\/\/agora.xtec.cat\/ies-viladegracia\/wp-json\/wp\/v2\/categories?post=5699"},{"taxonomy":"post_tag","embeddable":true,"href":"https:\/\/agora.xtec.cat\/ies-viladegracia\/wp-json\/wp\/v2\/tags?post=5699"}],"curies":[{"name":"wp","href":"https:\/\/api.w.org\/{rel}","templated":true}]}}