{"id":5688,"date":"2020-11-19T10:25:44","date_gmt":"2020-11-19T09:25:44","guid":{"rendered":"https:\/\/agora.xtec.cat\/ies-viladegracia\/?p=5688"},"modified":"2020-11-24T10:43:28","modified_gmt":"2020-11-24T09:43:28","slug":"sortida-al-parc-del-turo-del-putxet","status":"publish","type":"post","link":"https:\/\/agora.xtec.cat\/ies-viladegracia\/portada\/sortida-al-parc-del-turo-del-putxet\/","title":{"rendered":"Sortida al Parc del Tur\u00f3 del Putxet"},"content":{"rendered":"<p><a href=\"https:\/\/agora.xtec.cat\/ies-viladegracia\/wp-content\/uploads\/usu241\/2020\/11\/3F117721-8471-4025-9F93-909A8714D31E-1.jpeg\"><img loading=\"lazy\" decoding=\"async\" class=\"size-full wp-image-5689 alignleft\" src=\"https:\/\/agora.xtec.cat\/ies-viladegracia\/wp-content\/uploads\/usu241\/2020\/11\/3F117721-8471-4025-9F93-909A8714D31E-1.jpeg\" alt=\"\" width=\"600\" height=\"600\" srcset=\"https:\/\/agora.xtec.cat\/ies-viladegracia\/wp-content\/uploads\/usu241\/2020\/11\/3F117721-8471-4025-9F93-909A8714D31E-1.jpeg 600w, https:\/\/agora.xtec.cat\/ies-viladegracia\/wp-content\/uploads\/usu241\/2020\/11\/3F117721-8471-4025-9F93-909A8714D31E-1-150x150.jpeg 150w, https:\/\/agora.xtec.cat\/ies-viladegracia\/wp-content\/uploads\/usu241\/2020\/11\/3F117721-8471-4025-9F93-909A8714D31E-1-300x300.jpeg 300w\" sizes=\"auto, (max-width: 600px) 100vw, 600px\" \/><\/a><\/p>\n<p>El passat dimarts 17 de novembre l&#8217;alumnat de 1r d&#8217;ESO va fer una sortida al Parc del Tur\u00f3 del Putxet per tal de participar en la Setmana de la Ci\u00e8ncia:\u00a0<i>protegim les plantes, protegim la vida.<\/i><\/p>\n<p>All\u00e0 van fer tres tallers relacionats amb la natura: un herbari digital, un taller amb el contacontes Carles Alcoy (que va explicar hist\u00f2ries sobre la natura) i un taller d&#8217;educaci\u00f3 f\u00edsica amb jocs de cooperaci\u00f3, estrat\u00e8gia i orientaci\u00f3 en el medi natural.<\/p>\n<p>Va ser una jornada molt diferent.<\/p>\n","protected":false},"excerpt":{"rendered":"<p><a href=\"https:\/\/agora.xtec.cat\/ies-viladegracia\/wp-content\/uploads\/usu241\/2020\/11\/3F117721-8471-4025-9F93-909A8714D31E-1.jpeg\"><\/a><br \/>\nEl passat dimarts 17 de novembre l&#8217;alumnat de 1r d&#8217;ESO va fer una sortida al Parc del Tur\u00f3 del Putxet per tal de participar en la Setmana de la Ci\u00e8ncia:\u00a0protegim les plantes, protegim la vida.<br \/>\nAll\u00e0 van fer tres tallers relacionats amb la natura: un&hellip;  <a href=\"https:\/\/agora.xtec.cat\/ies-viladegracia\/portada\/sortida-al-parc-del-turo-del-putxet\/\" title=\"Read Sortida al Parc del Tur\u00f3 del Putxet\">Llegeix m\u00e9s\u00bb<\/a><\/p>\n","protected":false},"author":1,"featured_media":5689,"comment_status":"open","ping_status":"closed","sticky":false,"template":"","format":"standard","meta":{"footnotes":""},"categories":[164,104,201,283,282,198,29,880,105],"tags":[1246,625],"class_list":["post-5688","post","type-post","status-publish","format-standard","has-post-thumbnail","hentry","category-1r-eso","category-activitats","category-biologia-i-geologia","category-castella","category-catala","category-educacio-fisica","category-portada","category-setmana-de-la-ciencia","category-sortides","tag-parc-del-turo-del-putxet","tag-setmana-de-la-ciencia"],"post_mailing_queue_ids":[],"_links":{"self":[{"href":"https:\/\/agora.xtec.cat\/ies-viladegracia\/wp-json\/wp\/v2\/posts\/5688","targetHints":{"allow":["GET"]}}],"collection":[{"href":"https:\/\/agora.xtec.cat\/ies-viladegracia\/wp-json\/wp\/v2\/posts"}],"about":[{"href":"https:\/\/agora.xtec.cat\/ies-viladegracia\/wp-json\/wp\/v2\/types\/post"}],"author":[{"embeddable":true,"href":"https:\/\/agora.xtec.cat\/ies-viladegracia\/wp-json\/wp\/v2\/users\/1"}],"replies":[{"embeddable":true,"href":"https:\/\/agora.xtec.cat\/ies-viladegracia\/wp-json\/wp\/v2\/comments?post=5688"}],"version-history":[{"count":3,"href":"https:\/\/agora.xtec.cat\/ies-viladegracia\/wp-json\/wp\/v2\/posts\/5688\/revisions"}],"predecessor-version":[{"id":5708,"href":"https:\/\/agora.xtec.cat\/ies-viladegracia\/wp-json\/wp\/v2\/posts\/5688\/revisions\/5708"}],"wp:featuredmedia":[{"embeddable":true,"href":"https:\/\/agora.xtec.cat\/ies-viladegracia\/wp-json\/wp\/v2\/media\/5689"}],"wp:attachment":[{"href":"https:\/\/agora.xtec.cat\/ies-viladegracia\/wp-json\/wp\/v2\/media?parent=5688"}],"wp:term":[{"taxonomy":"category","embeddable":true,"href":"https:\/\/agora.xtec.cat\/ies-viladegracia\/wp-json\/wp\/v2\/categories?post=5688"},{"taxonomy":"post_tag","embeddable":true,"href":"https:\/\/agora.xtec.cat\/ies-viladegracia\/wp-json\/wp\/v2\/tags?post=5688"}],"curies":[{"name":"wp","href":"https:\/\/api.w.org\/{rel}","templated":true}]}}