{"id":5668,"date":"2020-11-07T10:30:31","date_gmt":"2020-11-07T09:30:31","guid":{"rendered":"https:\/\/agora.xtec.cat\/ies-viladegracia\/?p=5668"},"modified":"2020-11-07T10:32:46","modified_gmt":"2020-11-07T09:32:46","slug":"visita-de-tv3","status":"publish","type":"post","link":"https:\/\/agora.xtec.cat\/ies-viladegracia\/portada\/visita-de-tv3\/","title":{"rendered":"Visita de TV3"},"content":{"rendered":"<p><a href=\"https:\/\/agora.xtec.cat\/ies-viladegracia\/wp-content\/uploads\/usu241\/2020\/11\/47E6C6FE-2E06-4D2D-A1D0-0A73D5975553.jpeg\"><img loading=\"lazy\" decoding=\"async\" class=\"size-full wp-image-5669 alignleft\" src=\"https:\/\/agora.xtec.cat\/ies-viladegracia\/wp-content\/uploads\/usu241\/2020\/11\/47E6C6FE-2E06-4D2D-A1D0-0A73D5975553.jpeg\" alt=\"\" width=\"640\" height=\"640\" srcset=\"https:\/\/agora.xtec.cat\/ies-viladegracia\/wp-content\/uploads\/usu241\/2020\/11\/47E6C6FE-2E06-4D2D-A1D0-0A73D5975553.jpeg 640w, https:\/\/agora.xtec.cat\/ies-viladegracia\/wp-content\/uploads\/usu241\/2020\/11\/47E6C6FE-2E06-4D2D-A1D0-0A73D5975553-150x150.jpeg 150w, https:\/\/agora.xtec.cat\/ies-viladegracia\/wp-content\/uploads\/usu241\/2020\/11\/47E6C6FE-2E06-4D2D-A1D0-0A73D5975553-300x300.jpeg 300w\" sizes=\"auto, (max-width: 640px) 100vw, 640px\" \/><\/a><\/p>\n<p>La setmana passada ens van visitar de TV3 per parlar amb l&#8217;alumnat de 1r d&#8217;ESO C sobre les Fake news.\u00a0Ja fa varis cursos que aquest tema es treballa al Institut, gr\u00e0cies al assessorament de EduCac. La formaci\u00f3 Audiovisual \u00e9s un dels elements que treballem a l&#8217;institut per aconseguir una ciutadania cr\u00edtica.\u00a0 De la m\u00e0 de la professora Mar Vara van ser entrevistats i van poder parlar del tema amb professionals de la informaci\u00f3.\u00a0Va ser una visita molt emocionant per l&#8217;alumnat que els va rebre amb molta il\u00b7lusi\u00f3.<\/p>\n<p>Recordeu que les Fake news s\u00f3n not\u00edcies falses que es publiquen amb la intenci\u00f3 d&#8217;enganyar per danyar o perjudicar una persona o empresa<\/p>\n","protected":false},"excerpt":{"rendered":"<p><a href=\"https:\/\/agora.xtec.cat\/ies-viladegracia\/wp-content\/uploads\/usu241\/2020\/11\/47E6C6FE-2E06-4D2D-A1D0-0A73D5975553.jpeg\"><\/a><br \/>\nLa setmana passada ens van visitar de TV3 per parlar amb l&#8217;alumnat de 1r d&#8217;ESO C sobre les Fake news.\u00a0Ja fa varis cursos que aquest tema es treballa al Institut, gr\u00e0cies al assessorament de EduCac. La formaci\u00f3 Audiovisual \u00e9s un dels elements que treballem&hellip;  <a href=\"https:\/\/agora.xtec.cat\/ies-viladegracia\/portada\/visita-de-tv3\/\" title=\"Read Visita de TV3\">Llegeix m\u00e9s\u00bb<\/a><\/p>\n","protected":false},"author":1,"featured_media":5669,"comment_status":"open","ping_status":"closed","sticky":false,"template":"","format":"standard","meta":{"footnotes":""},"categories":[164,104,173,29],"tags":[817,1237,1236],"class_list":["post-5668","post","type-post","status-publish","format-standard","has-post-thumbnail","hentry","category-1r-eso","category-activitats","category-cultura-i-valors-etics","category-portada","tag-educac","tag-fakenews","tag-tv"],"post_mailing_queue_ids":[],"_links":{"self":[{"href":"https:\/\/agora.xtec.cat\/ies-viladegracia\/wp-json\/wp\/v2\/posts\/5668","targetHints":{"allow":["GET"]}}],"collection":[{"href":"https:\/\/agora.xtec.cat\/ies-viladegracia\/wp-json\/wp\/v2\/posts"}],"about":[{"href":"https:\/\/agora.xtec.cat\/ies-viladegracia\/wp-json\/wp\/v2\/types\/post"}],"author":[{"embeddable":true,"href":"https:\/\/agora.xtec.cat\/ies-viladegracia\/wp-json\/wp\/v2\/users\/1"}],"replies":[{"embeddable":true,"href":"https:\/\/agora.xtec.cat\/ies-viladegracia\/wp-json\/wp\/v2\/comments?post=5668"}],"version-history":[{"count":2,"href":"https:\/\/agora.xtec.cat\/ies-viladegracia\/wp-json\/wp\/v2\/posts\/5668\/revisions"}],"predecessor-version":[{"id":5674,"href":"https:\/\/agora.xtec.cat\/ies-viladegracia\/wp-json\/wp\/v2\/posts\/5668\/revisions\/5674"}],"wp:featuredmedia":[{"embeddable":true,"href":"https:\/\/agora.xtec.cat\/ies-viladegracia\/wp-json\/wp\/v2\/media\/5669"}],"wp:attachment":[{"href":"https:\/\/agora.xtec.cat\/ies-viladegracia\/wp-json\/wp\/v2\/media?parent=5668"}],"wp:term":[{"taxonomy":"category","embeddable":true,"href":"https:\/\/agora.xtec.cat\/ies-viladegracia\/wp-json\/wp\/v2\/categories?post=5668"},{"taxonomy":"post_tag","embeddable":true,"href":"https:\/\/agora.xtec.cat\/ies-viladegracia\/wp-json\/wp\/v2\/tags?post=5668"}],"curies":[{"name":"wp","href":"https:\/\/api.w.org\/{rel}","templated":true}]}}