{"id":5245,"date":"2020-04-23T07:23:35","date_gmt":"2020-04-23T05:23:35","guid":{"rendered":"https:\/\/agora.xtec.cat\/ies-viladegracia\/?p=5245"},"modified":"2020-04-23T07:24:33","modified_gmt":"2020-04-23T05:24:33","slug":"sant-jordi-2020","status":"publish","type":"post","link":"https:\/\/agora.xtec.cat\/ies-viladegracia\/comunitat-educativa\/nivells-educatius\/eso\/sant-jordi-2020\/","title":{"rendered":"Sant Jordi 2020"},"content":{"rendered":"<p><a href=\"https:\/\/agora.xtec.cat\/ies-viladegracia\/wp-content\/uploads\/usu241\/2020\/04\/SantJordi2020web.jpg\"><img loading=\"lazy\" decoding=\"async\" class=\"size-full wp-image-5246 alignleft\" src=\"https:\/\/agora.xtec.cat\/ies-viladegracia\/wp-content\/uploads\/usu241\/2020\/04\/SantJordi2020web.jpg\" alt=\"\" width=\"448\" height=\"600\" srcset=\"https:\/\/agora.xtec.cat\/ies-viladegracia\/wp-content\/uploads\/usu241\/2020\/04\/SantJordi2020web.jpg 448w, https:\/\/agora.xtec.cat\/ies-viladegracia\/wp-content\/uploads\/usu241\/2020\/04\/SantJordi2020web-224x300.jpg 224w\" sizes=\"auto, (max-width: 448px) 100vw, 448px\" \/><\/a>La llegenda explica que fa temps, quan la gent vivia confinada a casa, hi havia un element ferotge que feia la gent emmalaltir. Els habitants espantats, s&#8217;allunyaven dels \u00e9ssers estimats i defugien del contacte dels altres amb l&#8217;esperan\u00e7a que aquest element deix\u00e9s de ser perill\u00f3s.<\/p>\n<p>Per\u00f2 la gent no es va deixar v\u00e8ncer i, dia rere dia, perseveraven per recuperar la llibertat. I hi havia el Jordi que sembrava roses, la princesa que llegia molt i el seu amic, el drac, amb el que\u00a0 reien molt fent v\u00eddeos i reptes que despr\u00e9s compartien amb els seus amics.<\/p>\n<p>I el 2020 va ser un Sant Jordi diferent, per\u00f2 Sant Jordi si m\u00e9s no.<\/p>\n<p>Entre tots&#8230; guanyarem!<\/p>\n<p>&nbsp;<\/p>\n","protected":false},"excerpt":{"rendered":"<p><a href=\"https:\/\/agora.xtec.cat\/ies-viladegracia\/wp-content\/uploads\/usu241\/2020\/04\/SantJordi2020web.jpg\"><\/a>La llegenda explica que fa temps, quan la gent vivia confinada a casa, hi havia un element ferotge que feia la gent emmalaltir. Els habitants espantats, s&#8217;allunyaven dels \u00e9ssers estimats i defugien del contacte dels altres amb l&#8217;esperan\u00e7a que aquest element deix\u00e9s de ser&hellip;  <a href=\"https:\/\/agora.xtec.cat\/ies-viladegracia\/comunitat-educativa\/nivells-educatius\/eso\/sant-jordi-2020\/\" title=\"Read Sant Jordi 2020\">Llegeix m\u00e9s\u00bb<\/a><\/p>\n","protected":false},"author":1,"featured_media":5246,"comment_status":"open","ping_status":"closed","sticky":false,"template":"","format":"standard","meta":{"footnotes":""},"categories":[104,31,8,144,153,125,3,29,109],"tags":[1207,1205,1208,1206,38],"class_list":["post-5245","post","type-post","status-publish","format-standard","has-post-thumbnail","hentry","category-activitats","category-ampa","category-batxillerat","category-biblioteca","category-consell-escolar","category-departaments-i-seminaris","category-eso","category-portada","category-santjordi","tag-diada","tag-guanyarem","tag-isabelrieratorrent","tag-llegenda","tag-sant-jordi"],"post_mailing_queue_ids":[],"_links":{"self":[{"href":"https:\/\/agora.xtec.cat\/ies-viladegracia\/wp-json\/wp\/v2\/posts\/5245","targetHints":{"allow":["GET"]}}],"collection":[{"href":"https:\/\/agora.xtec.cat\/ies-viladegracia\/wp-json\/wp\/v2\/posts"}],"about":[{"href":"https:\/\/agora.xtec.cat\/ies-viladegracia\/wp-json\/wp\/v2\/types\/post"}],"author":[{"embeddable":true,"href":"https:\/\/agora.xtec.cat\/ies-viladegracia\/wp-json\/wp\/v2\/users\/1"}],"replies":[{"embeddable":true,"href":"https:\/\/agora.xtec.cat\/ies-viladegracia\/wp-json\/wp\/v2\/comments?post=5245"}],"version-history":[{"count":1,"href":"https:\/\/agora.xtec.cat\/ies-viladegracia\/wp-json\/wp\/v2\/posts\/5245\/revisions"}],"predecessor-version":[{"id":5247,"href":"https:\/\/agora.xtec.cat\/ies-viladegracia\/wp-json\/wp\/v2\/posts\/5245\/revisions\/5247"}],"wp:featuredmedia":[{"embeddable":true,"href":"https:\/\/agora.xtec.cat\/ies-viladegracia\/wp-json\/wp\/v2\/media\/5246"}],"wp:attachment":[{"href":"https:\/\/agora.xtec.cat\/ies-viladegracia\/wp-json\/wp\/v2\/media?parent=5245"}],"wp:term":[{"taxonomy":"category","embeddable":true,"href":"https:\/\/agora.xtec.cat\/ies-viladegracia\/wp-json\/wp\/v2\/categories?post=5245"},{"taxonomy":"post_tag","embeddable":true,"href":"https:\/\/agora.xtec.cat\/ies-viladegracia\/wp-json\/wp\/v2\/tags?post=5245"}],"curies":[{"name":"wp","href":"https:\/\/api.w.org\/{rel}","templated":true}]}}