{"id":5222,"date":"2020-06-01T07:00:18","date_gmt":"2020-06-01T05:00:18","guid":{"rendered":"https:\/\/agora.xtec.cat\/ies-viladegracia\/?p=5222"},"modified":"2020-04-25T23:21:48","modified_gmt":"2020-04-25T21:21:48","slug":"conferencia-sobre-lalzheimer-2","status":"publish","type":"post","link":"https:\/\/agora.xtec.cat\/ies-viladegracia\/general\/conferencia-sobre-lalzheimer-2\/","title":{"rendered":"Confer\u00e8ncia del Doctor Daniel Alcolea"},"content":{"rendered":"<p><a href=\"https:\/\/agora.xtec.cat\/ies-viladegracia\/wp-content\/uploads\/usu241\/2020\/03\/07C05065-0F25-48A9-945B-97BAD4741B86.jpg\"><img loading=\"lazy\" decoding=\"async\" class=\"size-full wp-image-5223 alignleft\" src=\"https:\/\/agora.xtec.cat\/ies-viladegracia\/wp-content\/uploads\/usu241\/2020\/03\/07C05065-0F25-48A9-945B-97BAD4741B86.jpg\" alt=\"\" width=\"640\" height=\"640\" srcset=\"https:\/\/agora.xtec.cat\/ies-viladegracia\/wp-content\/uploads\/usu241\/2020\/03\/07C05065-0F25-48A9-945B-97BAD4741B86.jpg 640w, https:\/\/agora.xtec.cat\/ies-viladegracia\/wp-content\/uploads\/usu241\/2020\/03\/07C05065-0F25-48A9-945B-97BAD4741B86-150x150.jpg 150w, https:\/\/agora.xtec.cat\/ies-viladegracia\/wp-content\/uploads\/usu241\/2020\/03\/07C05065-0F25-48A9-945B-97BAD4741B86-300x300.jpg 300w\" sizes=\"auto, (max-width: 640px) 100vw, 640px\" \/><\/a>La\u00a0 setmana\u00a0 passada\u00a0 vam\u00a0 rebre\u00a0 la\u00a0 visita\u00a0 del\u00a0 Doctor\u00a0 Daniel\u00a0 Alcolea que\u00a0 ens\u00a0 va\u00a0 parlar\u00a0 sobre l&#8217;Alzheimer. La confer\u00e8ncia es va fer amb l&#8217;alumnat de 3r d&#8217;ESO a la Biblioteca. Les imatges que veieu s\u00f3n de l&#8217;inici de la confer\u00e8ncia.<\/p>\n<p>El Dr. Daniel Alcolea es llicenciat en Medicina per la Universidad de Navarra i es va especialitzar en Neurologia a l&#8217;<a href=\"http:\/\/www.santpau.cat\/es\/web\/public\">Hospital de la Santa Creu i Sant Pau<\/a> de Barcelona. Va obtindre el seu doctorat en Medicina a la <a href=\"https:\/\/www.uab.cat\/es\/\">Universitat Aut\u00f2noma de Barcelona<\/a> (UAB) amb la seva tesi centrada en la determinaci\u00f3 de biomarcadors de l\u00edquid cefalorraqu\u00eddi per l&#8217;estudi de les vies patofisiol\u00f2giques de la malaltia de l&#8217;Alzheimer. Es dedica a l&#8217;avaluaci\u00f3, diagnosi i tractament de pacients amb problemes de memoria.<\/p>\n","protected":false},"excerpt":{"rendered":"<p><a href=\"https:\/\/agora.xtec.cat\/ies-viladegracia\/wp-content\/uploads\/usu241\/2020\/03\/07C05065-0F25-48A9-945B-97BAD4741B86.jpg\"><\/a>La\u00a0 setmana\u00a0 passada\u00a0 vam\u00a0 rebre\u00a0 la\u00a0 visita\u00a0 del\u00a0 Doctor\u00a0 Daniel\u00a0 Alcolea que\u00a0 ens\u00a0 va\u00a0 parlar\u00a0 sobre l&#8217;Alzheimer. La confer\u00e8ncia es va fer amb l&#8217;alumnat de 3r d&#8217;ESO a la Biblioteca. Les imatges que veieu s\u00f3n de l&#8217;inici de la confer\u00e8ncia.<br \/>\nEl Dr. Daniel Alcolea es&hellip;  <a href=\"https:\/\/agora.xtec.cat\/ies-viladegracia\/general\/conferencia-sobre-lalzheimer-2\/\" title=\"Read Confer\u00e8ncia del Doctor Daniel Alcolea\">Llegeix m\u00e9s\u00bb<\/a><\/p>\n","protected":false},"author":1,"featured_media":5223,"comment_status":"open","ping_status":"closed","sticky":false,"template":"","format":"standard","meta":{"footnotes":""},"categories":[6,201,108,1,29],"tags":[205,1200],"class_list":["post-5222","post","type-post","status-publish","format-standard","has-post-thumbnail","hentry","category-3r-eso","category-biologia-i-geologia","category-conferencies","category-general","category-portada","tag-alzheimer","tag-conferencia-alzheimer"],"post_mailing_queue_ids":[],"_links":{"self":[{"href":"https:\/\/agora.xtec.cat\/ies-viladegracia\/wp-json\/wp\/v2\/posts\/5222","targetHints":{"allow":["GET"]}}],"collection":[{"href":"https:\/\/agora.xtec.cat\/ies-viladegracia\/wp-json\/wp\/v2\/posts"}],"about":[{"href":"https:\/\/agora.xtec.cat\/ies-viladegracia\/wp-json\/wp\/v2\/types\/post"}],"author":[{"embeddable":true,"href":"https:\/\/agora.xtec.cat\/ies-viladegracia\/wp-json\/wp\/v2\/users\/1"}],"replies":[{"embeddable":true,"href":"https:\/\/agora.xtec.cat\/ies-viladegracia\/wp-json\/wp\/v2\/comments?post=5222"}],"version-history":[{"count":3,"href":"https:\/\/agora.xtec.cat\/ies-viladegracia\/wp-json\/wp\/v2\/posts\/5222\/revisions"}],"predecessor-version":[{"id":5227,"href":"https:\/\/agora.xtec.cat\/ies-viladegracia\/wp-json\/wp\/v2\/posts\/5222\/revisions\/5227"}],"wp:featuredmedia":[{"embeddable":true,"href":"https:\/\/agora.xtec.cat\/ies-viladegracia\/wp-json\/wp\/v2\/media\/5223"}],"wp:attachment":[{"href":"https:\/\/agora.xtec.cat\/ies-viladegracia\/wp-json\/wp\/v2\/media?parent=5222"}],"wp:term":[{"taxonomy":"category","embeddable":true,"href":"https:\/\/agora.xtec.cat\/ies-viladegracia\/wp-json\/wp\/v2\/categories?post=5222"},{"taxonomy":"post_tag","embeddable":true,"href":"https:\/\/agora.xtec.cat\/ies-viladegracia\/wp-json\/wp\/v2\/tags?post=5222"}],"curies":[{"name":"wp","href":"https:\/\/api.w.org\/{rel}","templated":true}]}}