{"id":5183,"date":"2020-03-12T07:00:08","date_gmt":"2020-03-12T06:00:08","guid":{"rendered":"https:\/\/agora.xtec.cat\/ies-viladegracia\/?p=5183"},"modified":"2020-03-05T11:26:43","modified_gmt":"2020-03-05T10:26:43","slug":"visita-de-lescola-patronat-domenech","status":"publish","type":"post","link":"https:\/\/agora.xtec.cat\/ies-viladegracia\/general\/visita-de-lescola-patronat-domenech\/","title":{"rendered":"Visita de l&#8217;Escola Patronat Dom\u00e8nech"},"content":{"rendered":"<p><a href=\"https:\/\/agora.xtec.cat\/ies-viladegracia\/wp-content\/uploads\/usu241\/2020\/03\/678F67C0-3028-4391-8398-B2F291C611F1.jpg\"><img loading=\"lazy\" decoding=\"async\" class=\"size-large wp-image-5185 alignleft\" src=\"https:\/\/agora.xtec.cat\/ies-viladegracia\/wp-content\/uploads\/usu241\/2020\/03\/678F67C0-3028-4391-8398-B2F291C611F1.jpg\" alt=\"\" width=\"640\" height=\"640\" srcset=\"https:\/\/agora.xtec.cat\/ies-viladegracia\/wp-content\/uploads\/usu241\/2020\/03\/678F67C0-3028-4391-8398-B2F291C611F1.jpg 640w, https:\/\/agora.xtec.cat\/ies-viladegracia\/wp-content\/uploads\/usu241\/2020\/03\/678F67C0-3028-4391-8398-B2F291C611F1-150x150.jpg 150w, https:\/\/agora.xtec.cat\/ies-viladegracia\/wp-content\/uploads\/usu241\/2020\/03\/678F67C0-3028-4391-8398-B2F291C611F1-300x300.jpg 300w\" sizes=\"auto, (max-width: 640px) 100vw, 640px\" \/><\/a>Any rera any rebem la visita de les escoles adscrites. La setmana passada ens van venir a veure els alumnes de sis\u00e8 de l&#8217;<a href=\"https:\/\/agora.xtec.cat\/escolampdomenech\/\">Escola Patronat Dom\u00e8nech<\/a>.<\/p>\n<p>La hist\u00f2ria de l\u2019escola s\u2019inicia quan els esposos Adela Dom\u00e8nech i Josep Maria Llin\u00e0s, aquest darrer professor de l\u2019Escola Normal de Magisteri de Madrid, despr\u00e9s de fer diversos intents per crear unes escoles populars, signen un acord amb l\u2019Ajuntament de Barcelona el 17 de gener de 1899 perqu\u00e8 la finca que la fam\u00edlia de la dona posse\u00efa al carrer de Sant Pere M\u00e0rtir es dediqui a serveis educatius.<\/p>\n<p>Les Escoles Dom\u00e8nech es funden el 17 de juliol de 1901 i durant la primera d\u00e8cada del nou segle els plantejaments did\u00e0ctics i pedag\u00f2gics s\u00f3n propis de l\u2019escola tradicional. El 1916, per\u00f2, a la mort d\u2019Adela Dom\u00e8nech, es constitueix el Patronat de les Escoles, i sota l\u2019influx de la pol\u00edtica educativa municipal s\u2019empr\u00e8n una profunda obra de renovaci\u00f3 pedag\u00f2gica. Es renova tant l\u2019edifici com el professorat i a partir de 1919 esdev\u00e9 una de les escoles m\u00e9s obertes als nous corrents educatius. Amb el nou director Artur Martorell, una de les figures senyera de la pedagogia activa catalana, el Patronat Dom\u00e8nech lidera una aut\u00e8ntica revoluci\u00f3 educativa basada en el fet de donar el protagonisme a l\u2019educand i no a l\u2019educador i de plantejar el proc\u00e9s educatiu i l\u2019aprenentatge dins de l\u2019activitat natural de l\u2019alumne. L\u2019educaci\u00f3 es planteja com lligada al proc\u00e9s d\u2019adaptaci\u00f3 positiva de l\u2019infant al seu medi social i natural i es d\u00f3na tanta import\u00e0ncia a l\u2019ensenyament del llenguatge com a l\u2019educaci\u00f3 c\u00edvica i l\u2019amor per la natura. Podeu trobar m\u00e9s informaci\u00f3 a la seva <a href=\"https:\/\/agora.xtec.cat\/escolampdomenech\/lescola\/historia\/\">web<\/a>, us la recomanem!<\/p>\n","protected":false},"excerpt":{"rendered":"<p><a href=\"https:\/\/agora.xtec.cat\/ies-viladegracia\/wp-content\/uploads\/usu241\/2020\/03\/678F67C0-3028-4391-8398-B2F291C611F1.jpg\"><\/a>Any rera any rebem la visita de les escoles adscrites. La setmana passada ens van venir a veure els alumnes de sis\u00e8 de l&#8217;<a href=\"https:\/\/agora.xtec.cat\/escolampdomenech\/\">Escola Patronat Dom\u00e8nech<\/a>.<br \/>\nLa hist\u00f2ria de l\u2019escola s\u2019inicia quan els esposos Adela Dom\u00e8nech i Josep Maria Llin\u00e0s, aquest darrer professor de&hellip;  <a href=\"https:\/\/agora.xtec.cat\/ies-viladegracia\/general\/visita-de-lescola-patronat-domenech\/\" title=\"Read Visita de l&#8217;Escola Patronat Dom\u00e8nech\">Llegeix m\u00e9s\u00bb<\/a><\/p>\n","protected":false},"author":1,"featured_media":5185,"comment_status":"open","ping_status":"closed","sticky":false,"template":"","format":"standard","meta":{"footnotes":""},"categories":[104,125,3,1,29,247],"tags":[1188],"class_list":["post-5183","post","type-post","status-publish","format-standard","has-post-thumbnail","hentry","category-activitats","category-departaments-i-seminaris","category-eso","category-general","category-portada","category-portes-obertes-2017","tag-escola-patronat-domenech"],"post_mailing_queue_ids":[],"_links":{"self":[{"href":"https:\/\/agora.xtec.cat\/ies-viladegracia\/wp-json\/wp\/v2\/posts\/5183","targetHints":{"allow":["GET"]}}],"collection":[{"href":"https:\/\/agora.xtec.cat\/ies-viladegracia\/wp-json\/wp\/v2\/posts"}],"about":[{"href":"https:\/\/agora.xtec.cat\/ies-viladegracia\/wp-json\/wp\/v2\/types\/post"}],"author":[{"embeddable":true,"href":"https:\/\/agora.xtec.cat\/ies-viladegracia\/wp-json\/wp\/v2\/users\/1"}],"replies":[{"embeddable":true,"href":"https:\/\/agora.xtec.cat\/ies-viladegracia\/wp-json\/wp\/v2\/comments?post=5183"}],"version-history":[{"count":3,"href":"https:\/\/agora.xtec.cat\/ies-viladegracia\/wp-json\/wp\/v2\/posts\/5183\/revisions"}],"predecessor-version":[{"id":5190,"href":"https:\/\/agora.xtec.cat\/ies-viladegracia\/wp-json\/wp\/v2\/posts\/5183\/revisions\/5190"}],"wp:featuredmedia":[{"embeddable":true,"href":"https:\/\/agora.xtec.cat\/ies-viladegracia\/wp-json\/wp\/v2\/media\/5185"}],"wp:attachment":[{"href":"https:\/\/agora.xtec.cat\/ies-viladegracia\/wp-json\/wp\/v2\/media?parent=5183"}],"wp:term":[{"taxonomy":"category","embeddable":true,"href":"https:\/\/agora.xtec.cat\/ies-viladegracia\/wp-json\/wp\/v2\/categories?post=5183"},{"taxonomy":"post_tag","embeddable":true,"href":"https:\/\/agora.xtec.cat\/ies-viladegracia\/wp-json\/wp\/v2\/tags?post=5183"}],"curies":[{"name":"wp","href":"https:\/\/api.w.org\/{rel}","templated":true}]}}