{"id":5174,"date":"2020-03-09T07:00:43","date_gmt":"2020-03-09T06:00:43","guid":{"rendered":"https:\/\/agora.xtec.cat\/ies-viladegracia\/?p=5174"},"modified":"2020-03-05T11:25:36","modified_gmt":"2020-03-05T10:25:36","slug":"sant-medir-dolca-festa","status":"publish","type":"post","link":"https:\/\/agora.xtec.cat\/ies-viladegracia\/portada\/sant-medir-dolca-festa\/","title":{"rendered":"Sant Medir, dol\u00e7a festa"},"content":{"rendered":"<p><a href=\"https:\/\/agora.xtec.cat\/ies-viladegracia\/wp-content\/uploads\/usu241\/2020\/03\/Sant-Medir.png\"><img loading=\"lazy\" decoding=\"async\" class=\"size-full wp-image-5175 alignleft\" src=\"https:\/\/agora.xtec.cat\/ies-viladegracia\/wp-content\/uploads\/usu241\/2020\/03\/Sant-Medir.png\" alt=\"\" width=\"600\" height=\"500\" srcset=\"https:\/\/agora.xtec.cat\/ies-viladegracia\/wp-content\/uploads\/usu241\/2020\/03\/Sant-Medir.png 600w, https:\/\/agora.xtec.cat\/ies-viladegracia\/wp-content\/uploads\/usu241\/2020\/03\/Sant-Medir-300x250.png 300w\" sizes=\"auto, (max-width: 600px) 100vw, 600px\" \/><\/a>El dimarts 3 de mar\u00e7, l&#8217;alumnat de 1r d&#8217;ESO va aprofitar l&#8217;hora de l&#8217;esbarjo per gaudir de la festa de Sant Medir . Acompanyats per dues professores, van anar fins a Gran Gr\u00e0cia, on van poder veure les colles que hi participaven, i recollir caramels i llaminadures . S&#8217;ho van passar tan b\u00e9 que no volien tornar a l&#8217;aula, per\u00f2 amb la bona actitud que els caracteritza van fer cas de les professores i no van perdre ni un minut de classe.\u00a0 La mini sortida es va celebrar molt i\u00a0 va endolcir les classes restants.<\/p>\n","protected":false},"excerpt":{"rendered":"<p><a href=\"https:\/\/agora.xtec.cat\/ies-viladegracia\/wp-content\/uploads\/usu241\/2020\/03\/Sant-Medir.png\"><\/a>El dimarts 3 de mar\u00e7, l&#8217;alumnat de 1r d&#8217;ESO va aprofitar l&#8217;hora de l&#8217;esbarjo per gaudir de la festa de Sant Medir . Acompanyats per dues professores, van anar fins a Gran Gr\u00e0cia, on van poder veure les colles que hi participaven, i recollir&hellip;  <a href=\"https:\/\/agora.xtec.cat\/ies-viladegracia\/portada\/sant-medir-dolca-festa\/\" title=\"Read Sant Medir, dol\u00e7a festa\">Llegeix m\u00e9s\u00bb<\/a><\/p>\n","protected":false},"author":1,"featured_media":5175,"comment_status":"open","ping_status":"closed","sticky":false,"template":"","format":"standard","meta":{"footnotes":""},"categories":[164,104,161,198,29,105],"tags":[1184,1185,1186],"class_list":["post-5174","post","type-post","status-publish","format-standard","has-post-thumbnail","hentry","category-1r-eso","category-activitats","category-dibuix","category-educacio-fisica","category-portada","category-sortides","tag-sant-medir","tag-sant-medir-2020","tag-sant-medir-dolca-festa"],"post_mailing_queue_ids":[],"_links":{"self":[{"href":"https:\/\/agora.xtec.cat\/ies-viladegracia\/wp-json\/wp\/v2\/posts\/5174","targetHints":{"allow":["GET"]}}],"collection":[{"href":"https:\/\/agora.xtec.cat\/ies-viladegracia\/wp-json\/wp\/v2\/posts"}],"about":[{"href":"https:\/\/agora.xtec.cat\/ies-viladegracia\/wp-json\/wp\/v2\/types\/post"}],"author":[{"embeddable":true,"href":"https:\/\/agora.xtec.cat\/ies-viladegracia\/wp-json\/wp\/v2\/users\/1"}],"replies":[{"embeddable":true,"href":"https:\/\/agora.xtec.cat\/ies-viladegracia\/wp-json\/wp\/v2\/comments?post=5174"}],"version-history":[{"count":2,"href":"https:\/\/agora.xtec.cat\/ies-viladegracia\/wp-json\/wp\/v2\/posts\/5174\/revisions"}],"predecessor-version":[{"id":5188,"href":"https:\/\/agora.xtec.cat\/ies-viladegracia\/wp-json\/wp\/v2\/posts\/5174\/revisions\/5188"}],"wp:featuredmedia":[{"embeddable":true,"href":"https:\/\/agora.xtec.cat\/ies-viladegracia\/wp-json\/wp\/v2\/media\/5175"}],"wp:attachment":[{"href":"https:\/\/agora.xtec.cat\/ies-viladegracia\/wp-json\/wp\/v2\/media?parent=5174"}],"wp:term":[{"taxonomy":"category","embeddable":true,"href":"https:\/\/agora.xtec.cat\/ies-viladegracia\/wp-json\/wp\/v2\/categories?post=5174"},{"taxonomy":"post_tag","embeddable":true,"href":"https:\/\/agora.xtec.cat\/ies-viladegracia\/wp-json\/wp\/v2\/tags?post=5174"}],"curies":[{"name":"wp","href":"https:\/\/api.w.org\/{rel}","templated":true}]}}