{"id":5106,"date":"2020-02-26T07:25:49","date_gmt":"2020-02-26T06:25:49","guid":{"rendered":"https:\/\/agora.xtec.cat\/ies-viladegracia\/?p=5106"},"modified":"2020-02-18T13:17:36","modified_gmt":"2020-02-18T12:17:36","slug":"fundacio-per-la-pau","status":"publish","type":"post","link":"https:\/\/agora.xtec.cat\/ies-viladegracia\/comunitat-educativa\/nivells-educatius\/eso\/fundacio-per-la-pau\/","title":{"rendered":"Fundaci\u00f3 per la Pau"},"content":{"rendered":"<p dir=\"ltr\"><span style=\"font-size: small;\"><a href=\"https:\/\/agora.xtec.cat\/ies-viladegracia\/wp-content\/uploads\/usu241\/2020\/02\/Mapa-DENIP.png\"><img loading=\"lazy\" decoding=\"async\" class=\"size-full wp-image-5107 alignleft\" src=\"https:\/\/agora.xtec.cat\/ies-viladegracia\/wp-content\/uploads\/usu241\/2020\/02\/Mapa-DENIP.png\" alt=\"\" width=\"600\" height=\"312\" srcset=\"https:\/\/agora.xtec.cat\/ies-viladegracia\/wp-content\/uploads\/usu241\/2020\/02\/Mapa-DENIP.png 600w, https:\/\/agora.xtec.cat\/ies-viladegracia\/wp-content\/uploads\/usu241\/2020\/02\/Mapa-DENIP-300x156.png 300w\" sizes=\"auto, (max-width: 600px) 100vw, 600px\" \/><\/a>Des del 1983, La Fundaci\u00f3 per la Pau (<\/span><span style=\"font-size: small;\"><a href=\"http:\/\/fundipau.org\/\" target=\"_blank\" rel=\"noopener noreferrer\" data-saferedirecturl=\"https:\/\/www.google.com\/url?q=http:\/\/fundipau.org\/&amp;source=gmail&amp;ust=1582107482254000&amp;usg=AFQjCNHPahFBqpqWvKh89uGW2Fl0nvBizA\">FundiPau<\/a><\/span><span style=\"font-size: small;\">), treballa per aconseguir que cada cop hi hagi m\u00e9s persones que es comprometin a construir un m\u00f3n sense viol\u00e8ncia i en pau.\u00a0<\/span><span style=\"font-size: small;\">Treballen per promoure la Cultura de la Pau i la No viol\u00e8ncia impulsant tots aquells canvis culturals i estructurals que facin possible l&#8217;eradicaci\u00f3 de la viol\u00e8ncia com a forma de relaci\u00f3 entre persones i pobles.<\/span><\/p>\n<p dir=\"ltr\"><span style=\"font-size: small;\">I el Vila de Gr\u00e0cia porta anys col\u00b7laborant-hi. Aquest curs ens hem tornat a situar al\u00a0 per primer cop, ens hem situat al<\/span><span style=\"font-size: small;\"><a href=\"https:\/\/www.google.com\/maps\/d\/viewer?mid=1I8LcWt-0_2CKWrX1dI-2cl2-KH0XC6T7&amp;ll=41.4043743%2C2.162058200000047&amp;z=9\" target=\"_blank\" rel=\"noopener noreferrer\" data-saferedirecturl=\"https:\/\/www.google.com\/url?q=http:\/\/www.fundipau.org\/mapadenip\/denip2017\/&amp;source=gmail&amp;ust=1582107482255000&amp;usg=AFQjCNEYdO8ixhQZbJN1zd5sE6UxVeFKzA\"> mapa DENIP 2020<\/a><\/span><span style=\"font-size: small;\">. Gr\u00e0cies a tots els que hi heu participat.<\/span><\/p>\n<p dir=\"ltr\"><a href=\"https:\/\/agora.xtec.cat\/ies-viladegracia\/wp-content\/uploads\/usu241\/2020\/02\/Fundipau.jpeg\"><img loading=\"lazy\" decoding=\"async\" class=\"size-full wp-image-5108 alignleft\" src=\"https:\/\/agora.xtec.cat\/ies-viladegracia\/wp-content\/uploads\/usu241\/2020\/02\/Fundipau.jpeg\" alt=\"\" width=\"133\" height=\"104\" \/><\/a><\/p>\n","protected":false},"excerpt":{"rendered":"<p><a href=\"https:\/\/agora.xtec.cat\/ies-viladegracia\/wp-content\/uploads\/usu241\/2020\/02\/Mapa-DENIP.png\"><\/a>Des del 1983, La Fundaci\u00f3 per la Pau (<a href=\"http:\/\/fundipau.org\/\" target=\"_blank\" rel=\"noopener noreferrer\" data-saferedirecturl=\"https:\/\/www.google.com\/url?q=http:\/\/fundipau.org\/&amp;source=gmail&amp;ust=1582107482254000&amp;usg=AFQjCNHPahFBqpqWvKh89uGW2Fl0nvBizA\">FundiPau<\/a>), treballa per aconseguir que cada cop hi hagi m\u00e9s persones que es comprometin a construir un m\u00f3n sense viol\u00e8ncia i en pau.\u00a0Treballen per promoure la Cultura de la Pau i&hellip;  <a href=\"https:\/\/agora.xtec.cat\/ies-viladegracia\/comunitat-educativa\/nivells-educatius\/eso\/fundacio-per-la-pau\/\" title=\"Read Fundaci\u00f3 per la Pau\">Llegeix m\u00e9s\u00bb<\/a><\/p>\n","protected":false},"author":1,"featured_media":5108,"comment_status":"open","ping_status":"closed","sticky":false,"template":"","format":"standard","meta":{"footnotes":""},"categories":[104,3,29],"tags":[1174,210,1175],"class_list":["post-5106","post","type-post","status-publish","format-standard","has-post-thumbnail","hentry","category-activitats","category-eso","category-portada","tag-fundipau","tag-mapa-denip","tag-no-violencia"],"post_mailing_queue_ids":[],"_links":{"self":[{"href":"https:\/\/agora.xtec.cat\/ies-viladegracia\/wp-json\/wp\/v2\/posts\/5106","targetHints":{"allow":["GET"]}}],"collection":[{"href":"https:\/\/agora.xtec.cat\/ies-viladegracia\/wp-json\/wp\/v2\/posts"}],"about":[{"href":"https:\/\/agora.xtec.cat\/ies-viladegracia\/wp-json\/wp\/v2\/types\/post"}],"author":[{"embeddable":true,"href":"https:\/\/agora.xtec.cat\/ies-viladegracia\/wp-json\/wp\/v2\/users\/1"}],"replies":[{"embeddable":true,"href":"https:\/\/agora.xtec.cat\/ies-viladegracia\/wp-json\/wp\/v2\/comments?post=5106"}],"version-history":[{"count":2,"href":"https:\/\/agora.xtec.cat\/ies-viladegracia\/wp-json\/wp\/v2\/posts\/5106\/revisions"}],"predecessor-version":[{"id":5118,"href":"https:\/\/agora.xtec.cat\/ies-viladegracia\/wp-json\/wp\/v2\/posts\/5106\/revisions\/5118"}],"wp:featuredmedia":[{"embeddable":true,"href":"https:\/\/agora.xtec.cat\/ies-viladegracia\/wp-json\/wp\/v2\/media\/5108"}],"wp:attachment":[{"href":"https:\/\/agora.xtec.cat\/ies-viladegracia\/wp-json\/wp\/v2\/media?parent=5106"}],"wp:term":[{"taxonomy":"category","embeddable":true,"href":"https:\/\/agora.xtec.cat\/ies-viladegracia\/wp-json\/wp\/v2\/categories?post=5106"},{"taxonomy":"post_tag","embeddable":true,"href":"https:\/\/agora.xtec.cat\/ies-viladegracia\/wp-json\/wp\/v2\/tags?post=5106"}],"curies":[{"name":"wp","href":"https:\/\/api.w.org\/{rel}","templated":true}]}}