{"id":5074,"date":"2020-02-19T07:39:39","date_gmt":"2020-02-19T06:39:39","guid":{"rendered":"https:\/\/agora.xtec.cat\/ies-viladegracia\/?p=5074"},"modified":"2020-02-18T08:52:54","modified_gmt":"2020-02-18T07:52:54","slug":"programa-rems-i-aps-catalunya","status":"publish","type":"post","link":"https:\/\/agora.xtec.cat\/ies-viladegracia\/comunitat-educativa\/nivells-educatius\/eso\/4t-eso\/programa-rems-i-aps-catalunya\/","title":{"rendered":"Programa REMS i APS Catalunya"},"content":{"rendered":"<p><a href=\"https:\/\/agora.xtec.cat\/ies-viladegracia\/wp-content\/uploads\/usu241\/2020\/02\/REMS.jpg\"><img loading=\"lazy\" decoding=\"async\" class=\"size-full wp-image-5075 alignleft\" src=\"https:\/\/agora.xtec.cat\/ies-viladegracia\/wp-content\/uploads\/usu241\/2020\/02\/REMS.jpg\" alt=\"\" width=\"600\" height=\"600\" srcset=\"https:\/\/agora.xtec.cat\/ies-viladegracia\/wp-content\/uploads\/usu241\/2020\/02\/REMS.jpg 600w, https:\/\/agora.xtec.cat\/ies-viladegracia\/wp-content\/uploads\/usu241\/2020\/02\/REMS-150x150.jpg 150w, https:\/\/agora.xtec.cat\/ies-viladegracia\/wp-content\/uploads\/usu241\/2020\/02\/REMS-300x300.jpg 300w\" sizes=\"auto, (max-width: 600px) 100vw, 600px\" \/><\/a><\/p>\n<div id=\":u1\" class=\"a3s aXjCH \">\n<div dir=\"ltr\">\n<p>L&#8217;<a href=\"https:\/\/www.fundaciocatalunya-lapedrera.com\/ca\/programa-rems\" target=\"_blank\" rel=\"noopener noreferrer\" data-saferedirecturl=\"https:\/\/www.google.com\/url?q=https:\/\/www.fundaciocatalunya-lapedrera.com\/ca\/programa-rems&amp;source=gmail&amp;ust=1582098481640000&amp;usg=AFQjCNEX_I7htr-xJdWFZxpBQI-kN_VMOg\">espai REMS<\/a> @PedreraFundacio divendres passat ens va obrir les portes. A partir d&#8217;ara ja podem comen\u00e7ar a pensar com volem canviar el m\u00f3n, qu\u00e8 volem aprendre i quin servei podem oferir. A les imatges podeu veure l&#8217;alumnat de 4t d&#8217;ESO en un moment de la visita.<\/p>\n<p>El programa REMS busca innovar en el dia a dia de les persones amb deteriorament cognitiu lleu o moderat (Alzheimer o altres dem\u00e8ncies) i a les seves fam\u00edlies. Els ofereixen eines i estrat\u00e8gies perqu\u00e8 puguin mantenir la seva autonomia i millorar el seu benestar.<\/p>\n<\/div>\n<\/div>\n","protected":false},"excerpt":{"rendered":"<p><a href=\"https:\/\/agora.xtec.cat\/ies-viladegracia\/wp-content\/uploads\/usu241\/2020\/02\/REMS.jpg\"><\/a><\/p>\n<p>L&#8217;<a href=\"https:\/\/www.fundaciocatalunya-lapedrera.com\/ca\/programa-rems\" target=\"_blank\" rel=\"noopener noreferrer\" data-saferedirecturl=\"https:\/\/www.google.com\/url?q=https:\/\/www.fundaciocatalunya-lapedrera.com\/ca\/programa-rems&amp;source=gmail&amp;ust=1582098481640000&amp;usg=AFQjCNEX_I7htr-xJdWFZxpBQI-kN_VMOg\">espai REMS<\/a> @PedreraFundacio divendres passat ens va obrir les portes. A partir d&#8217;ara ja podem comen\u00e7ar a pensar com volem canviar el m\u00f3n, qu\u00e8 volem aprendre i quin servei podem oferir. A les imatges podeu veure l&#8217;alumnat de 4t&hellip;  <a href=\"https:\/\/agora.xtec.cat\/ies-viladegracia\/comunitat-educativa\/nivells-educatius\/eso\/4t-eso\/programa-rems-i-aps-catalunya\/\" title=\"Read Programa REMS i APS Catalunya\">Llegeix m\u00e9s\u00bb<\/a><\/p>\n","protected":false},"author":1,"featured_media":5075,"comment_status":"open","ping_status":"closed","sticky":false,"template":"","format":"standard","meta":{"footnotes":""},"categories":[7,104,173,29,105],"tags":[1142,1164,1163,1165],"class_list":["post-5074","post","type-post","status-publish","format-standard","has-post-thumbnail","hentry","category-4t-eso","category-activitats","category-cultura-i-valors-etics","category-portada","category-sortides","tag-apscatalunya","tag-crp_gracia","tag-pedrera-fundacio","tag-programa-rems"],"post_mailing_queue_ids":[],"_links":{"self":[{"href":"https:\/\/agora.xtec.cat\/ies-viladegracia\/wp-json\/wp\/v2\/posts\/5074","targetHints":{"allow":["GET"]}}],"collection":[{"href":"https:\/\/agora.xtec.cat\/ies-viladegracia\/wp-json\/wp\/v2\/posts"}],"about":[{"href":"https:\/\/agora.xtec.cat\/ies-viladegracia\/wp-json\/wp\/v2\/types\/post"}],"author":[{"embeddable":true,"href":"https:\/\/agora.xtec.cat\/ies-viladegracia\/wp-json\/wp\/v2\/users\/1"}],"replies":[{"embeddable":true,"href":"https:\/\/agora.xtec.cat\/ies-viladegracia\/wp-json\/wp\/v2\/comments?post=5074"}],"version-history":[{"count":2,"href":"https:\/\/agora.xtec.cat\/ies-viladegracia\/wp-json\/wp\/v2\/posts\/5074\/revisions"}],"predecessor-version":[{"id":5098,"href":"https:\/\/agora.xtec.cat\/ies-viladegracia\/wp-json\/wp\/v2\/posts\/5074\/revisions\/5098"}],"wp:featuredmedia":[{"embeddable":true,"href":"https:\/\/agora.xtec.cat\/ies-viladegracia\/wp-json\/wp\/v2\/media\/5075"}],"wp:attachment":[{"href":"https:\/\/agora.xtec.cat\/ies-viladegracia\/wp-json\/wp\/v2\/media?parent=5074"}],"wp:term":[{"taxonomy":"category","embeddable":true,"href":"https:\/\/agora.xtec.cat\/ies-viladegracia\/wp-json\/wp\/v2\/categories?post=5074"},{"taxonomy":"post_tag","embeddable":true,"href":"https:\/\/agora.xtec.cat\/ies-viladegracia\/wp-json\/wp\/v2\/tags?post=5074"}],"curies":[{"name":"wp","href":"https:\/\/api.w.org\/{rel}","templated":true}]}}