{"id":5049,"date":"2020-02-13T07:11:40","date_gmt":"2020-02-13T06:11:40","guid":{"rendered":"https:\/\/agora.xtec.cat\/ies-viladegracia\/?p=5049"},"modified":"2020-02-10T17:25:50","modified_gmt":"2020-02-10T16:25:50","slug":"comissio-de-genere-i-diversitat","status":"publish","type":"post","link":"https:\/\/agora.xtec.cat\/ies-viladegracia\/comunitat-educativa\/nivells-educatius\/eso\/comissio-de-genere-i-diversitat\/","title":{"rendered":"Comissi\u00f3 de g\u00e8nere i diversitat"},"content":{"rendered":"<blockquote>\n<div class=\"aju\"><\/div>\n<div class=\"\">\n<div id=\":nz\" class=\"ii gt\">\n<div id=\":o0\" class=\"a3s aXjCH \">\n<p>\u00a0<a href=\"https:\/\/agora.xtec.cat\/ies-viladegracia\/wp-content\/uploads\/usu241\/2020\/02\/Comissi\u00f3-g\u00e9nere-i-diversitat.jpg\"><img loading=\"lazy\" decoding=\"async\" class=\"size-large wp-image-5051 alignleft\" src=\"https:\/\/agora.xtec.cat\/ies-viladegracia\/wp-content\/uploads\/usu241\/2020\/02\/Comissi\u00f3-g\u00e9nere-i-diversitat.jpg\" alt=\"\" width=\"600\" height=\"450\" srcset=\"https:\/\/agora.xtec.cat\/ies-viladegracia\/wp-content\/uploads\/usu241\/2020\/02\/Comissi\u00f3-g\u00e9nere-i-diversitat.jpg 600w, https:\/\/agora.xtec.cat\/ies-viladegracia\/wp-content\/uploads\/usu241\/2020\/02\/Comissi\u00f3-g\u00e9nere-i-diversitat-300x225.jpg 300w, https:\/\/agora.xtec.cat\/ies-viladegracia\/wp-content\/uploads\/usu241\/2020\/02\/Comissi\u00f3-g\u00e9nere-i-diversitat-200x150.jpg 200w\" sizes=\"auto, (max-width: 600px) 100vw, 600px\" \/><\/a><span style=\"color: #000000;\">L&#8217;\u00faltima setmana de gener, a l&#8217;hora del pati, l&#8217;Eloi del Punt JIP va fer una reuni\u00f3 que es va batejar com a Comissi\u00f3 de g\u00e8nere i diversitat. Les reunions tindran continu\u00eftat ja que els temes a tractar no es poden solucionar en mitja hora.<\/span><\/p>\n<p><span style=\"color: #000000;\">Es va parlar sobre viol\u00e8ncia de g\u00e8nere, estereotips de g\u00e8nere, masculinitat t\u00f2xica, di\u00e0leg amb gent ignorant, actuacions davant situacions masclistes, etc.<\/span><\/p>\n<p><span style=\"color: #000000;\">Les reunions han generat for\u00e7a inter\u00e9s i han aplegat alumnat d&#8217;ambd\u00f3s sexes i de totes les edats.<\/span><\/p>\n<p>&nbsp;<\/p>\n<\/div>\n<\/div>\n<\/div>\n<\/blockquote>\n","protected":false},"excerpt":{"rendered":"<p>\u00a0<a href=\"https:\/\/agora.xtec.cat\/ies-viladegracia\/wp-content\/uploads\/usu241\/2020\/02\/Comissi\u00f3-g\u00e9nere-i-diversitat.jpg\"><\/a>L&#8217;\u00faltima setmana de gener, a l&#8217;hora del pati, l&#8217;Eloi del Punt JIP va fer una reuni\u00f3 que es va batejar com a Comissi\u00f3 de g\u00e8nere i diversitat. Les reunions tindran continu\u00eftat ja que els temes a tractar no es poden solucionar en mitja hora.<br \/>\nEs&hellip;  <a href=\"https:\/\/agora.xtec.cat\/ies-viladegracia\/comunitat-educativa\/nivells-educatius\/eso\/comissio-de-genere-i-diversitat\/\" title=\"Read Comissi\u00f3 de g\u00e8nere i diversitat\">Llegeix m\u00e9s\u00bb<\/a><\/p>\n","protected":false},"author":1,"featured_media":5051,"comment_status":"open","ping_status":"closed","sticky":false,"template":"","format":"standard","meta":{"footnotes":""},"categories":[104,8,3,29,106],"tags":[1118,620,1159,1158,722],"class_list":["post-5049","post","type-post","status-publish","format-standard","has-post-thumbnail","hentry","category-activitats","category-batxillerat","category-eso","category-portada","category-tallers","tag-comissio-de-genere-i-diversitat","tag-jip","tag-masclisme","tag-oriol","tag-punt-jip"],"post_mailing_queue_ids":[],"_links":{"self":[{"href":"https:\/\/agora.xtec.cat\/ies-viladegracia\/wp-json\/wp\/v2\/posts\/5049","targetHints":{"allow":["GET"]}}],"collection":[{"href":"https:\/\/agora.xtec.cat\/ies-viladegracia\/wp-json\/wp\/v2\/posts"}],"about":[{"href":"https:\/\/agora.xtec.cat\/ies-viladegracia\/wp-json\/wp\/v2\/types\/post"}],"author":[{"embeddable":true,"href":"https:\/\/agora.xtec.cat\/ies-viladegracia\/wp-json\/wp\/v2\/users\/1"}],"replies":[{"embeddable":true,"href":"https:\/\/agora.xtec.cat\/ies-viladegracia\/wp-json\/wp\/v2\/comments?post=5049"}],"version-history":[{"count":2,"href":"https:\/\/agora.xtec.cat\/ies-viladegracia\/wp-json\/wp\/v2\/posts\/5049\/revisions"}],"predecessor-version":[{"id":5057,"href":"https:\/\/agora.xtec.cat\/ies-viladegracia\/wp-json\/wp\/v2\/posts\/5049\/revisions\/5057"}],"wp:featuredmedia":[{"embeddable":true,"href":"https:\/\/agora.xtec.cat\/ies-viladegracia\/wp-json\/wp\/v2\/media\/5051"}],"wp:attachment":[{"href":"https:\/\/agora.xtec.cat\/ies-viladegracia\/wp-json\/wp\/v2\/media?parent=5049"}],"wp:term":[{"taxonomy":"category","embeddable":true,"href":"https:\/\/agora.xtec.cat\/ies-viladegracia\/wp-json\/wp\/v2\/categories?post=5049"},{"taxonomy":"post_tag","embeddable":true,"href":"https:\/\/agora.xtec.cat\/ies-viladegracia\/wp-json\/wp\/v2\/tags?post=5049"}],"curies":[{"name":"wp","href":"https:\/\/api.w.org\/{rel}","templated":true}]}}