{"id":5031,"date":"2020-02-04T09:48:38","date_gmt":"2020-02-04T08:48:38","guid":{"rendered":"https:\/\/agora.xtec.cat\/ies-viladegracia\/?p=5031"},"modified":"2020-02-04T13:57:01","modified_gmt":"2020-02-04T12:57:01","slug":"barcelona-negra-2020","status":"publish","type":"post","link":"https:\/\/agora.xtec.cat\/ies-viladegracia\/comunitat-educativa\/nivells-educatius\/eso\/barcelona-negra-2020\/","title":{"rendered":"Barcelona Negra 2020"},"content":{"rendered":"<p><a href=\"https:\/\/agora.xtec.cat\/ies-viladegracia\/wp-content\/uploads\/usu241\/2020\/02\/Exposici\u00f3-BCNegra.jpg\"><img loading=\"lazy\" decoding=\"async\" class=\"size-full wp-image-5034 alignleft\" src=\"https:\/\/agora.xtec.cat\/ies-viladegracia\/wp-content\/uploads\/usu241\/2020\/02\/Exposici\u00f3-BCNegra.jpg\" alt=\"\" width=\"600\" height=\"450\" srcset=\"https:\/\/agora.xtec.cat\/ies-viladegracia\/wp-content\/uploads\/usu241\/2020\/02\/Exposici\u00f3-BCNegra.jpg 600w, https:\/\/agora.xtec.cat\/ies-viladegracia\/wp-content\/uploads\/usu241\/2020\/02\/Exposici\u00f3-BCNegra-300x225.jpg 300w, https:\/\/agora.xtec.cat\/ies-viladegracia\/wp-content\/uploads\/usu241\/2020\/02\/Exposici\u00f3-BCNegra-200x150.jpg 200w\" sizes=\"auto, (max-width: 600px) 100vw, 600px\" \/><\/a>Com cada curs, en el marc de la <a href=\"https:\/\/www.barcelona.cat\/bcnegra\/ca\/presentacio\">BCNegra<\/a>, us oferim una selecci\u00f3 de novel\u00b7la polic\u00edaca, de misteri i de terror, que trobareu al vest\u00edbul de l&#8217;entrada i que us podeu emportar en pr\u00e9stec.<\/p>\n<p>Us recomanem tamb\u00e9 que no us perdeu el munt d&#8217;activitats que es fan en diferents espais de la ciutat, molt interessants i tots gratu\u00efts. Aqu\u00ed teniu l&#8217;enlla\u00e7 <a href=\"https:\/\/www.barcelona.cat\/bcnegra\/ca\/presentacio\">BCNegra<\/a>.<\/p>\n<p><a href=\"https:\/\/agora.xtec.cat\/ies-viladegracia\/wp-content\/uploads\/usu241\/2020\/02\/bcnegra_2020_cartell.jpg\"><img loading=\"lazy\" decoding=\"async\" class=\" wp-image-5032 alignleft\" src=\"https:\/\/agora.xtec.cat\/ies-viladegracia\/wp-content\/uploads\/usu241\/2020\/02\/bcnegra_2020_cartell.jpg\" alt=\"\" width=\"438\" height=\"509\" srcset=\"https:\/\/agora.xtec.cat\/ies-viladegracia\/wp-content\/uploads\/usu241\/2020\/02\/bcnegra_2020_cartell.jpg 826w, https:\/\/agora.xtec.cat\/ies-viladegracia\/wp-content\/uploads\/usu241\/2020\/02\/bcnegra_2020_cartell-258x300.jpg 258w, https:\/\/agora.xtec.cat\/ies-viladegracia\/wp-content\/uploads\/usu241\/2020\/02\/bcnegra_2020_cartell-768x893.jpg 768w\" sizes=\"auto, (max-width: 438px) 100vw, 438px\" \/><\/a><\/p>\n","protected":false},"excerpt":{"rendered":"<p><a href=\"https:\/\/agora.xtec.cat\/ies-viladegracia\/wp-content\/uploads\/usu241\/2020\/02\/Exposici\u00f3-BCNegra.jpg\"><\/a>Com cada curs, en el marc de la <a href=\"https:\/\/www.barcelona.cat\/bcnegra\/ca\/presentacio\">BCNegra<\/a>, us oferim una selecci\u00f3 de novel\u00b7la polic\u00edaca, de misteri i de terror, que trobareu al vest\u00edbul de l&#8217;entrada i que us podeu emportar en pr\u00e9stec.<br \/>\nUs recomanem tamb\u00e9 que no us perdeu el munt d&#8217;activitats&hellip;  <a href=\"https:\/\/agora.xtec.cat\/ies-viladegracia\/comunitat-educativa\/nivells-educatius\/eso\/barcelona-negra-2020\/\" title=\"Read Barcelona Negra 2020\">Llegeix m\u00e9s\u00bb<\/a><\/p>\n","protected":false},"author":1,"featured_media":5034,"comment_status":"open","ping_status":"closed","sticky":false,"template":"","format":"standard","meta":{"footnotes":""},"categories":[104,31,8,144,3,29],"tags":[1157],"class_list":["post-5031","post","type-post","status-publish","format-standard","has-post-thumbnail","hentry","category-activitats","category-ampa","category-batxillerat","category-biblioteca","category-eso","category-portada","tag-bcnegra"],"post_mailing_queue_ids":[],"_links":{"self":[{"href":"https:\/\/agora.xtec.cat\/ies-viladegracia\/wp-json\/wp\/v2\/posts\/5031","targetHints":{"allow":["GET"]}}],"collection":[{"href":"https:\/\/agora.xtec.cat\/ies-viladegracia\/wp-json\/wp\/v2\/posts"}],"about":[{"href":"https:\/\/agora.xtec.cat\/ies-viladegracia\/wp-json\/wp\/v2\/types\/post"}],"author":[{"embeddable":true,"href":"https:\/\/agora.xtec.cat\/ies-viladegracia\/wp-json\/wp\/v2\/users\/1"}],"replies":[{"embeddable":true,"href":"https:\/\/agora.xtec.cat\/ies-viladegracia\/wp-json\/wp\/v2\/comments?post=5031"}],"version-history":[{"count":2,"href":"https:\/\/agora.xtec.cat\/ies-viladegracia\/wp-json\/wp\/v2\/posts\/5031\/revisions"}],"predecessor-version":[{"id":5035,"href":"https:\/\/agora.xtec.cat\/ies-viladegracia\/wp-json\/wp\/v2\/posts\/5031\/revisions\/5035"}],"wp:featuredmedia":[{"embeddable":true,"href":"https:\/\/agora.xtec.cat\/ies-viladegracia\/wp-json\/wp\/v2\/media\/5034"}],"wp:attachment":[{"href":"https:\/\/agora.xtec.cat\/ies-viladegracia\/wp-json\/wp\/v2\/media?parent=5031"}],"wp:term":[{"taxonomy":"category","embeddable":true,"href":"https:\/\/agora.xtec.cat\/ies-viladegracia\/wp-json\/wp\/v2\/categories?post=5031"},{"taxonomy":"post_tag","embeddable":true,"href":"https:\/\/agora.xtec.cat\/ies-viladegracia\/wp-json\/wp\/v2\/tags?post=5031"}],"curies":[{"name":"wp","href":"https:\/\/api.w.org\/{rel}","templated":true}]}}