{"id":5016,"date":"2020-02-05T07:55:57","date_gmt":"2020-02-05T06:55:57","guid":{"rendered":"https:\/\/agora.xtec.cat\/ies-viladegracia\/?p=5016"},"modified":"2020-02-05T10:11:58","modified_gmt":"2020-02-05T09:11:58","slug":"serveis-comunitaris","status":"publish","type":"post","link":"https:\/\/agora.xtec.cat\/ies-viladegracia\/comunitat-educativa\/nivells-educatius\/eso\/4t-eso\/serveis-comunitaris\/","title":{"rendered":"Serveis comunitaris"},"content":{"rendered":"<p><a href=\"https:\/\/agora.xtec.cat\/ies-viladegracia\/wp-content\/uploads\/usu241\/2020\/02\/aps.jpg\"><img loading=\"lazy\" decoding=\"async\" class=\"size-full wp-image-5009\" src=\"https:\/\/agora.xtec.cat\/ies-viladegracia\/wp-content\/uploads\/usu241\/2020\/02\/aps.jpg\" alt=\"\" width=\"600\" height=\"450\" srcset=\"https:\/\/agora.xtec.cat\/ies-viladegracia\/wp-content\/uploads\/usu241\/2020\/02\/aps.jpg 600w, https:\/\/agora.xtec.cat\/ies-viladegracia\/wp-content\/uploads\/usu241\/2020\/02\/aps-300x225.jpg 300w, https:\/\/agora.xtec.cat\/ies-viladegracia\/wp-content\/uploads\/usu241\/2020\/02\/aps-200x150.jpg 200w\" sizes=\"auto, (max-width: 600px) 100vw, 600px\" \/><\/a><\/p>\n<p>Aquest dijous 30 de gener a l&#8217;hora de tutoria es van presentar tots els Serveis Comunitaris que l&#8217;alumnat de 4t d&#8217;ESO podr\u00e0 cursar aquest segon quadrimestre. Cada alumne haur\u00e0 d&#8217;escollir participar en un dels cinc APS que es presenten:<\/p>\n<p>&#8211;<a href=\"http:\/\/www.museupicasso.bcn.cat\/es\">Museu Picasso<\/a> (descobrim i fem difusi\u00f3 de l&#8217;art modern)<\/p>\n<p>&#8211;<a href=\"http:\/\/www.espigoladors.cat\/ca\/inici\/\">Espigoladors<\/a> (treballem per resoldre el malbaratament alimentari)<\/p>\n<p>-Taller de teatre -Escena-Pilot- (creaci\u00f3 d&#8217;una obra de teatre al <a href=\"https:\/\/www.teatrelliure.com\/ca\">Teatre lliure<\/a>)<\/p>\n<p>-Refor\u00e7 educatiu a les escoles adscrites d&#8217;educ. prim\u00e0ria (J.M. Jujol; R. Violant; P. Dom\u00e8nech)<\/p>\n<p>-REMS (centre d&#8217;estimulaci\u00f3 cognitiva per a gent gran)<\/p>\n","protected":false},"excerpt":{"rendered":"<p><a href=\"https:\/\/agora.xtec.cat\/ies-viladegracia\/wp-content\/uploads\/usu241\/2020\/02\/aps.jpg\"><\/a><br \/>\nAquest dijous 30 de gener a l&#8217;hora de tutoria es van presentar tots els Serveis Comunitaris que l&#8217;alumnat de 4t d&#8217;ESO podr\u00e0 cursar aquest segon quadrimestre. Cada alumne haur\u00e0 d&#8217;escollir participar en un dels cinc APS que es presenten:<br \/>\n&#8211;<a href=\"http:\/\/www.museupicasso.bcn.cat\/es\">Museu Picasso<\/a> (descobrim i fem&hellip;  <a href=\"https:\/\/agora.xtec.cat\/ies-viladegracia\/comunitat-educativa\/nivells-educatius\/eso\/4t-eso\/serveis-comunitaris\/\" title=\"Read Serveis comunitaris\">Llegeix m\u00e9s\u00bb<\/a><\/p>\n","protected":false},"author":1,"featured_media":5009,"comment_status":"open","ping_status":"closed","sticky":false,"template":"","format":"standard","meta":{"footnotes":""},"categories":[7,104,173,29,106],"tags":[225,1142,1151],"class_list":["post-5016","post","type-post","status-publish","format-standard","has-post-thumbnail","hentry","category-4t-eso","category-activitats","category-cultura-i-valors-etics","category-portada","category-tallers","tag-aps","tag-apscatalunya","tag-serveis-comunitaris"],"post_mailing_queue_ids":[],"_links":{"self":[{"href":"https:\/\/agora.xtec.cat\/ies-viladegracia\/wp-json\/wp\/v2\/posts\/5016","targetHints":{"allow":["GET"]}}],"collection":[{"href":"https:\/\/agora.xtec.cat\/ies-viladegracia\/wp-json\/wp\/v2\/posts"}],"about":[{"href":"https:\/\/agora.xtec.cat\/ies-viladegracia\/wp-json\/wp\/v2\/types\/post"}],"author":[{"embeddable":true,"href":"https:\/\/agora.xtec.cat\/ies-viladegracia\/wp-json\/wp\/v2\/users\/1"}],"replies":[{"embeddable":true,"href":"https:\/\/agora.xtec.cat\/ies-viladegracia\/wp-json\/wp\/v2\/comments?post=5016"}],"version-history":[{"count":2,"href":"https:\/\/agora.xtec.cat\/ies-viladegracia\/wp-json\/wp\/v2\/posts\/5016\/revisions"}],"predecessor-version":[{"id":5040,"href":"https:\/\/agora.xtec.cat\/ies-viladegracia\/wp-json\/wp\/v2\/posts\/5016\/revisions\/5040"}],"wp:featuredmedia":[{"embeddable":true,"href":"https:\/\/agora.xtec.cat\/ies-viladegracia\/wp-json\/wp\/v2\/media\/5009"}],"wp:attachment":[{"href":"https:\/\/agora.xtec.cat\/ies-viladegracia\/wp-json\/wp\/v2\/media?parent=5016"}],"wp:term":[{"taxonomy":"category","embeddable":true,"href":"https:\/\/agora.xtec.cat\/ies-viladegracia\/wp-json\/wp\/v2\/categories?post=5016"},{"taxonomy":"post_tag","embeddable":true,"href":"https:\/\/agora.xtec.cat\/ies-viladegracia\/wp-json\/wp\/v2\/tags?post=5016"}],"curies":[{"name":"wp","href":"https:\/\/api.w.org\/{rel}","templated":true}]}}