{"id":4985,"date":"2020-01-28T09:09:11","date_gmt":"2020-01-28T08:09:11","guid":{"rendered":"https:\/\/agora.xtec.cat\/ies-viladegracia\/?p=4985"},"modified":"2020-01-28T09:58:33","modified_gmt":"2020-01-28T08:58:33","slug":"gracia-recull-la-historia-oral-de-la-comunitat-gitana","status":"publish","type":"post","link":"https:\/\/agora.xtec.cat\/ies-viladegracia\/general\/gracia-recull-la-historia-oral-de-la-comunitat-gitana\/","title":{"rendered":"Gr\u00e0cia recull la hist\u00f2ria oral de la comunitat gitana"},"content":{"rendered":"<p>Avui recollim una not\u00edcia de Betev\u00e9 en la que hem participat. M\u00e9s de 300 alumnes estan participant en el projecte de construcci\u00f3 de la mem\u00f2ria col\u00b7lectiva de la comunitat gitana de Gr\u00e0cia. Nosaltres vam fer unes entrevistes al Vila i, la setmana passada, vam visitar la Biblioteca Jaume Fuster per continuar amb el projecte.<\/p>\n<p>Podeu llegir la <a href=\"https:\/\/beteve.cat\/historia\/gracia-recull-historia-oral-comunitat-gitana\/\">not\u00edcia de Betev\u00e9 clicant aqu\u00ed.<\/a><\/p>\n<p><iframe loading=\"lazy\" src=\"https:\/\/cdnapisec.kaltura.com\/p\/2346171\/sp\/234617100\/embedIframeJs\/uiconf_id\/42600891\/partner_id\/2346171?iframeembed=true&amp;playerId=0_nnb4reza&amp;entry_id=0_nnb4reza&amp;flashvars[streamerType]=auto\" width=\"940\" height=\"529\" frameborder=\"0\" allowfullscreen=\"allowfullscreen\"><\/iframe><\/p>\n<p>&nbsp;<\/p>\n<p>&nbsp;<\/p>\n","protected":false},"excerpt":{"rendered":"<p>Avui recollim una not\u00edcia de Betev\u00e9 en la que hem participat. M\u00e9s de 300 alumnes estan participant en el projecte de construcci\u00f3 de la mem\u00f2ria col\u00b7lectiva de la comunitat gitana de Gr\u00e0cia. Nosaltres vam fer unes entrevistes al Vila i, la setmana passada, vam visitar&hellip;  <a href=\"https:\/\/agora.xtec.cat\/ies-viladegracia\/general\/gracia-recull-la-historia-oral-de-la-comunitat-gitana\/\" title=\"Read Gr\u00e0cia recull la hist\u00f2ria oral de la comunitat gitana\">Llegeix m\u00e9s\u00bb<\/a><\/p>\n","protected":false},"author":1,"featured_media":4987,"comment_status":"open","ping_status":"closed","sticky":false,"template":"","format":"standard","meta":{"footnotes":""},"categories":[6,7,104,1,29,105],"tags":[1140,1141,1139],"class_list":["post-4985","post","type-post","status-publish","format-standard","has-post-thumbnail","hentry","category-3r-eso","category-4t-eso","category-activitats","category-general","category-portada","category-sortides","tag-comunitat-gitana","tag-memorica-collectiva","tag-projecte-de-construccio-de-la-memoria-collectiva"],"post_mailing_queue_ids":[],"_links":{"self":[{"href":"https:\/\/agora.xtec.cat\/ies-viladegracia\/wp-json\/wp\/v2\/posts\/4985","targetHints":{"allow":["GET"]}}],"collection":[{"href":"https:\/\/agora.xtec.cat\/ies-viladegracia\/wp-json\/wp\/v2\/posts"}],"about":[{"href":"https:\/\/agora.xtec.cat\/ies-viladegracia\/wp-json\/wp\/v2\/types\/post"}],"author":[{"embeddable":true,"href":"https:\/\/agora.xtec.cat\/ies-viladegracia\/wp-json\/wp\/v2\/users\/1"}],"replies":[{"embeddable":true,"href":"https:\/\/agora.xtec.cat\/ies-viladegracia\/wp-json\/wp\/v2\/comments?post=4985"}],"version-history":[{"count":3,"href":"https:\/\/agora.xtec.cat\/ies-viladegracia\/wp-json\/wp\/v2\/posts\/4985\/revisions"}],"predecessor-version":[{"id":4989,"href":"https:\/\/agora.xtec.cat\/ies-viladegracia\/wp-json\/wp\/v2\/posts\/4985\/revisions\/4989"}],"wp:featuredmedia":[{"embeddable":true,"href":"https:\/\/agora.xtec.cat\/ies-viladegracia\/wp-json\/wp\/v2\/media\/4987"}],"wp:attachment":[{"href":"https:\/\/agora.xtec.cat\/ies-viladegracia\/wp-json\/wp\/v2\/media?parent=4985"}],"wp:term":[{"taxonomy":"category","embeddable":true,"href":"https:\/\/agora.xtec.cat\/ies-viladegracia\/wp-json\/wp\/v2\/categories?post=4985"},{"taxonomy":"post_tag","embeddable":true,"href":"https:\/\/agora.xtec.cat\/ies-viladegracia\/wp-json\/wp\/v2\/tags?post=4985"}],"curies":[{"name":"wp","href":"https:\/\/api.w.org\/{rel}","templated":true}]}}