{"id":4791,"date":"2019-12-02T07:23:37","date_gmt":"2019-12-02T06:23:37","guid":{"rendered":"https:\/\/agora.xtec.cat\/ies-viladegracia\/?p=4791"},"modified":"2019-11-27T13:30:54","modified_gmt":"2019-11-27T12:30:54","slug":"1r-deso-c-visita-migra-studium","status":"publish","type":"post","link":"https:\/\/agora.xtec.cat\/ies-viladegracia\/portada\/1r-deso-c-visita-migra-studium\/","title":{"rendered":"1r d&#8217;ESO C visita Migra Studium"},"content":{"rendered":"<p><a href=\"https:\/\/agora.xtec.cat\/ies-viladegracia\/wp-content\/uploads\/usu241\/2019\/11\/migra.jpg\"><img loading=\"lazy\" decoding=\"async\" class=\"size-full wp-image-4792 alignleft\" src=\"https:\/\/agora.xtec.cat\/ies-viladegracia\/wp-content\/uploads\/usu241\/2019\/11\/migra.jpg\" alt=\"\" width=\"600\" height=\"600\" srcset=\"https:\/\/agora.xtec.cat\/ies-viladegracia\/wp-content\/uploads\/usu241\/2019\/11\/migra.jpg 600w, https:\/\/agora.xtec.cat\/ies-viladegracia\/wp-content\/uploads\/usu241\/2019\/11\/migra-150x150.jpg 150w, https:\/\/agora.xtec.cat\/ies-viladegracia\/wp-content\/uploads\/usu241\/2019\/11\/migra-300x300.jpg 300w\" sizes=\"auto, (max-width: 600px) 100vw, 600px\" \/><\/a>Els alumnes de 1r d&#8217;ESO C han anat a treballar al Museu de <a href=\"http:\/\/www.migrastudium.org\/\">Migra Studium<\/a>. Aqu\u00ed han pogut ampliar tot el que durant aquest 1r trimestre hem fet a classe sobre les Grans Religions i la seva cultura.<\/p>\n<p><strong>Migra Studium<\/strong><\/p>\n<div class=\"row\">\n<div class=\"col-sm-6 \">\n<div class=\"field field-name-body field-type-text-with-summary field-label-hidden\">\n<div class=\"field-items\">\n<div class=\"field-item even\">\n<p>L\u2019any 2003 es va produir a Catalunya una les entrades m\u00e9s importants de poblaci\u00f3 immigrant.\u00a0 Perqu\u00e8 us feu una idea, aquell any la poblaci\u00f3 de Catalunya va cr\u00e9ixer en 134.557 persones d\u2019elles 121.653 ho van ser fruit de les migracions. Eren els anys de creixement econ\u00f2mic, del boom de la construcci\u00f3 i del turisme. Aix\u00f2 es va notar arreu del territori per\u00f2 d\u2019una manera especial en determinades ciutats com Barcelona, que ja des de sempre havien estat pol d\u2019atracci\u00f3 de persones vingudes d\u2019arreu.<\/p>\n<p>Atents a les necessitats que aquesta nova situaci\u00f3 originava, la\u00a0 Companyia de Jes\u00fas a Catalunya va decidir utilitzar una de les seves comunitats, la del c. Palau n\u00ba 3, al bell mig del barri g\u00f2tic de Barcelona, per endegar una entitat social la Fundaci\u00f3 Migra Studium.<\/p>\n<\/div>\n<\/div>\n<\/div>\n<\/div>\n<\/div>\n","protected":false},"excerpt":{"rendered":"<p><a href=\"https:\/\/agora.xtec.cat\/ies-viladegracia\/wp-content\/uploads\/usu241\/2019\/11\/migra.jpg\"><\/a>Els alumnes de 1r d&#8217;ESO C han anat a treballar al Museu de <a href=\"http:\/\/www.migrastudium.org\/\">Migra Studium<\/a>. Aqu\u00ed han pogut ampliar tot el que durant aquest 1r trimestre hem fet a classe sobre les Grans Religions i la seva cultura.<br \/>\nMigra Studium<\/p>\n<p>L\u2019any 2003 es va produir&hellip;  <a href=\"https:\/\/agora.xtec.cat\/ies-viladegracia\/portada\/1r-deso-c-visita-migra-studium\/\" title=\"Read 1r d&#8217;ESO C visita Migra Studium\">Llegeix m\u00e9s\u00bb<\/a><\/p>\n","protected":false},"author":1,"featured_media":4792,"comment_status":"open","ping_status":"closed","sticky":false,"template":"","format":"standard","meta":{"footnotes":""},"categories":[164,104,173,29,105],"tags":[629,193,769],"class_list":["post-4791","post","type-post","status-publish","format-standard","has-post-thumbnail","hentry","category-1r-eso","category-activitats","category-cultura-i-valors-etics","category-portada","category-sortides","tag-grans-religions","tag-migra-studium","tag-religions"],"post_mailing_queue_ids":[],"_links":{"self":[{"href":"https:\/\/agora.xtec.cat\/ies-viladegracia\/wp-json\/wp\/v2\/posts\/4791","targetHints":{"allow":["GET"]}}],"collection":[{"href":"https:\/\/agora.xtec.cat\/ies-viladegracia\/wp-json\/wp\/v2\/posts"}],"about":[{"href":"https:\/\/agora.xtec.cat\/ies-viladegracia\/wp-json\/wp\/v2\/types\/post"}],"author":[{"embeddable":true,"href":"https:\/\/agora.xtec.cat\/ies-viladegracia\/wp-json\/wp\/v2\/users\/1"}],"replies":[{"embeddable":true,"href":"https:\/\/agora.xtec.cat\/ies-viladegracia\/wp-json\/wp\/v2\/comments?post=4791"}],"version-history":[{"count":2,"href":"https:\/\/agora.xtec.cat\/ies-viladegracia\/wp-json\/wp\/v2\/posts\/4791\/revisions"}],"predecessor-version":[{"id":4794,"href":"https:\/\/agora.xtec.cat\/ies-viladegracia\/wp-json\/wp\/v2\/posts\/4791\/revisions\/4794"}],"wp:featuredmedia":[{"embeddable":true,"href":"https:\/\/agora.xtec.cat\/ies-viladegracia\/wp-json\/wp\/v2\/media\/4792"}],"wp:attachment":[{"href":"https:\/\/agora.xtec.cat\/ies-viladegracia\/wp-json\/wp\/v2\/media?parent=4791"}],"wp:term":[{"taxonomy":"category","embeddable":true,"href":"https:\/\/agora.xtec.cat\/ies-viladegracia\/wp-json\/wp\/v2\/categories?post=4791"},{"taxonomy":"post_tag","embeddable":true,"href":"https:\/\/agora.xtec.cat\/ies-viladegracia\/wp-json\/wp\/v2\/tags?post=4791"}],"curies":[{"name":"wp","href":"https:\/\/api.w.org\/{rel}","templated":true}]}}