{"id":4783,"date":"2019-12-04T07:12:00","date_gmt":"2019-12-04T06:12:00","guid":{"rendered":"https:\/\/agora.xtec.cat\/ies-viladegracia\/?p=4783"},"modified":"2019-11-27T13:31:27","modified_gmt":"2019-11-27T12:31:27","slug":"record-de-vendes","status":"publish","type":"post","link":"https:\/\/agora.xtec.cat\/ies-viladegracia\/comunitat-educativa\/nivells-educatius\/eso\/4t-eso\/record-de-vendes\/","title":{"rendered":"R\u00e8cord de vendes!"},"content":{"rendered":"<p><a href=\"https:\/\/agora.xtec.cat\/ies-viladegracia\/wp-content\/uploads\/usu241\/2019\/11\/E756FD51-AE29-4EF0-90FB-170D927B14C7.jpg\"><img loading=\"lazy\" decoding=\"async\" class=\"size-full wp-image-4784 alignleft\" src=\"https:\/\/agora.xtec.cat\/ies-viladegracia\/wp-content\/uploads\/usu241\/2019\/11\/E756FD51-AE29-4EF0-90FB-170D927B14C7.jpg\" alt=\"\" width=\"640\" height=\"640\" srcset=\"https:\/\/agora.xtec.cat\/ies-viladegracia\/wp-content\/uploads\/usu241\/2019\/11\/E756FD51-AE29-4EF0-90FB-170D927B14C7.jpg 640w, https:\/\/agora.xtec.cat\/ies-viladegracia\/wp-content\/uploads\/usu241\/2019\/11\/E756FD51-AE29-4EF0-90FB-170D927B14C7-150x150.jpg 150w, https:\/\/agora.xtec.cat\/ies-viladegracia\/wp-content\/uploads\/usu241\/2019\/11\/E756FD51-AE29-4EF0-90FB-170D927B14C7-300x300.jpg 300w\" sizes=\"auto, (max-width: 640px) 100vw, 640px\" \/><\/a>R\u00e8cord de vendes dels esmorzars de 4t d&#8217;ESO amb l&#8217;oferta proposada a base de biquinis, crepes de nutella, sucs de fruita i brownies del Gerard Jan\u00e9s, Marta Delgado, Marcel Callejas i Aura Maspoch! La millora i la varietat dels esmorzars ha ajudat a les vendes, l&#8217;altre dia van fer 75\u20ac de calaix, quantitat que mai s&#8217;havia aconseguit.<\/p>\n<p>Sembla que la iniciativa d&#8217;oferir esmorzars dos dies a la setmana ha estat tot un \u00e8xit. Gr\u00e0cies tamb\u00e9 a l&#8217;alumnat de 1r i 2n que ho est\u00e0 fent possible.<\/p>\n<p>Enhorabona a tots i a totes!<\/p>\n","protected":false},"excerpt":{"rendered":"<p><a href=\"https:\/\/agora.xtec.cat\/ies-viladegracia\/wp-content\/uploads\/usu241\/2019\/11\/E756FD51-AE29-4EF0-90FB-170D927B14C7.jpg\"><\/a>R\u00e8cord de vendes dels esmorzars de 4t d&#8217;ESO amb l&#8217;oferta proposada a base de biquinis, crepes de nutella, sucs de fruita i brownies del Gerard Jan\u00e9s, Marta Delgado, Marcel Callejas i Aura Maspoch! La millora i la varietat dels esmorzars ha ajudat a les&hellip;  <a href=\"https:\/\/agora.xtec.cat\/ies-viladegracia\/comunitat-educativa\/nivells-educatius\/eso\/4t-eso\/record-de-vendes\/\" title=\"Read R\u00e8cord de vendes!\">Llegeix m\u00e9s\u00bb<\/a><\/p>\n","protected":false},"author":1,"featured_media":4784,"comment_status":"open","ping_status":"closed","sticky":false,"template":"","format":"standard","meta":{"footnotes":""},"categories":[7,104,29,130],"tags":[682],"class_list":["post-4783","post","type-post","status-publish","format-standard","has-post-thumbnail","hentry","category-4t-eso","category-activitats","category-portada","category-tutoria","tag-projecte-de-recerca-a-granada"],"post_mailing_queue_ids":[],"_links":{"self":[{"href":"https:\/\/agora.xtec.cat\/ies-viladegracia\/wp-json\/wp\/v2\/posts\/4783","targetHints":{"allow":["GET"]}}],"collection":[{"href":"https:\/\/agora.xtec.cat\/ies-viladegracia\/wp-json\/wp\/v2\/posts"}],"about":[{"href":"https:\/\/agora.xtec.cat\/ies-viladegracia\/wp-json\/wp\/v2\/types\/post"}],"author":[{"embeddable":true,"href":"https:\/\/agora.xtec.cat\/ies-viladegracia\/wp-json\/wp\/v2\/users\/1"}],"replies":[{"embeddable":true,"href":"https:\/\/agora.xtec.cat\/ies-viladegracia\/wp-json\/wp\/v2\/comments?post=4783"}],"version-history":[{"count":3,"href":"https:\/\/agora.xtec.cat\/ies-viladegracia\/wp-json\/wp\/v2\/posts\/4783\/revisions"}],"predecessor-version":[{"id":4790,"href":"https:\/\/agora.xtec.cat\/ies-viladegracia\/wp-json\/wp\/v2\/posts\/4783\/revisions\/4790"}],"wp:featuredmedia":[{"embeddable":true,"href":"https:\/\/agora.xtec.cat\/ies-viladegracia\/wp-json\/wp\/v2\/media\/4784"}],"wp:attachment":[{"href":"https:\/\/agora.xtec.cat\/ies-viladegracia\/wp-json\/wp\/v2\/media?parent=4783"}],"wp:term":[{"taxonomy":"category","embeddable":true,"href":"https:\/\/agora.xtec.cat\/ies-viladegracia\/wp-json\/wp\/v2\/categories?post=4783"},{"taxonomy":"post_tag","embeddable":true,"href":"https:\/\/agora.xtec.cat\/ies-viladegracia\/wp-json\/wp\/v2\/tags?post=4783"}],"curies":[{"name":"wp","href":"https:\/\/api.w.org\/{rel}","templated":true}]}}