{"id":4724,"date":"2019-11-25T07:24:22","date_gmt":"2019-11-25T06:24:22","guid":{"rendered":"https:\/\/agora.xtec.cat\/ies-viladegracia\/?p=4724"},"modified":"2019-11-15T13:50:28","modified_gmt":"2019-11-15T12:50:28","slug":"4t-deso-ven-esmorzars-dimarts-i-dijous","status":"publish","type":"post","link":"https:\/\/agora.xtec.cat\/ies-viladegracia\/general\/4t-deso-ven-esmorzars-dimarts-i-dijous\/","title":{"rendered":"4t d&#8217;ESO ven esmorzars dimarts i dijous!"},"content":{"rendered":"<p><a href=\"https:\/\/agora.xtec.cat\/ies-viladegracia\/wp-content\/uploads\/usu241\/2019\/11\/A5EBA232-7D98-47F0-A328-3C254BD7A26C.jpg\"><img loading=\"lazy\" decoding=\"async\" class=\"size-full wp-image-4725 alignleft\" src=\"https:\/\/agora.xtec.cat\/ies-viladegracia\/wp-content\/uploads\/usu241\/2019\/11\/A5EBA232-7D98-47F0-A328-3C254BD7A26C.jpg\" alt=\"\" width=\"640\" height=\"640\" srcset=\"https:\/\/agora.xtec.cat\/ies-viladegracia\/wp-content\/uploads\/usu241\/2019\/11\/A5EBA232-7D98-47F0-A328-3C254BD7A26C.jpg 640w, https:\/\/agora.xtec.cat\/ies-viladegracia\/wp-content\/uploads\/usu241\/2019\/11\/A5EBA232-7D98-47F0-A328-3C254BD7A26C-150x150.jpg 150w, https:\/\/agora.xtec.cat\/ies-viladegracia\/wp-content\/uploads\/usu241\/2019\/11\/A5EBA232-7D98-47F0-A328-3C254BD7A26C-300x300.jpg 300w\" sizes=\"auto, (max-width: 640px) 100vw, 640px\" \/><\/a>L&#8217;alumnat de 4t d&#8217;ESO vendr\u00e0 esmorzars dos cops a la setmana, els dimarts i els dijous. Aquesta no \u00e9s l&#8217;\u00fanica novetat, tamb\u00e9 hi ha l&#8217;ampliaci\u00f3 de l&#8217;oferta, als dol\u00e7os s&#8217;hi sumen els entrepans i sandvitxos. La prova pilot es va fer dimarts de la setmana passada i va ser tot un \u00e8xit, no en va quedar ni una engruna. La simpatia de l&#8217;Alejandra, la Laia, la Valentina i la Carla en les vendes hi va ajudar. S\u00f3n unes campiones!<span style=\"color: #888888;\"><br clear=\"all\" \/><\/span><\/p>\n","protected":false},"excerpt":{"rendered":"<p><a href=\"https:\/\/agora.xtec.cat\/ies-viladegracia\/wp-content\/uploads\/usu241\/2019\/11\/A5EBA232-7D98-47F0-A328-3C254BD7A26C.jpg\"><\/a>L&#8217;alumnat de 4t d&#8217;ESO vendr\u00e0 esmorzars dos cops a la setmana, els dimarts i els dijous. Aquesta no \u00e9s l&#8217;\u00fanica novetat, tamb\u00e9 hi ha l&#8217;ampliaci\u00f3 de l&#8217;oferta, als dol\u00e7os s&#8217;hi sumen els entrepans i sandvitxos. La prova pilot es va fer dimarts de la&hellip;  <a href=\"https:\/\/agora.xtec.cat\/ies-viladegracia\/general\/4t-deso-ven-esmorzars-dimarts-i-dijous\/\" title=\"Read 4t d&#8217;ESO ven esmorzars dimarts i dijous!\">Llegeix m\u00e9s\u00bb<\/a><\/p>\n","protected":false},"author":1,"featured_media":4725,"comment_status":"open","ping_status":"closed","sticky":false,"template":"","format":"standard","meta":{"footnotes":""},"categories":[7,1,29,130],"tags":[160,159,158],"class_list":["post-4724","post","type-post","status-publish","format-standard","has-post-thumbnail","hentry","category-4t-eso","category-general","category-portada","category-tutoria","tag-esmorzars","tag-granada","tag-projecte-de-recerca"],"post_mailing_queue_ids":[],"_links":{"self":[{"href":"https:\/\/agora.xtec.cat\/ies-viladegracia\/wp-json\/wp\/v2\/posts\/4724","targetHints":{"allow":["GET"]}}],"collection":[{"href":"https:\/\/agora.xtec.cat\/ies-viladegracia\/wp-json\/wp\/v2\/posts"}],"about":[{"href":"https:\/\/agora.xtec.cat\/ies-viladegracia\/wp-json\/wp\/v2\/types\/post"}],"author":[{"embeddable":true,"href":"https:\/\/agora.xtec.cat\/ies-viladegracia\/wp-json\/wp\/v2\/users\/1"}],"replies":[{"embeddable":true,"href":"https:\/\/agora.xtec.cat\/ies-viladegracia\/wp-json\/wp\/v2\/comments?post=4724"}],"version-history":[{"count":3,"href":"https:\/\/agora.xtec.cat\/ies-viladegracia\/wp-json\/wp\/v2\/posts\/4724\/revisions"}],"predecessor-version":[{"id":4730,"href":"https:\/\/agora.xtec.cat\/ies-viladegracia\/wp-json\/wp\/v2\/posts\/4724\/revisions\/4730"}],"wp:featuredmedia":[{"embeddable":true,"href":"https:\/\/agora.xtec.cat\/ies-viladegracia\/wp-json\/wp\/v2\/media\/4725"}],"wp:attachment":[{"href":"https:\/\/agora.xtec.cat\/ies-viladegracia\/wp-json\/wp\/v2\/media?parent=4724"}],"wp:term":[{"taxonomy":"category","embeddable":true,"href":"https:\/\/agora.xtec.cat\/ies-viladegracia\/wp-json\/wp\/v2\/categories?post=4724"},{"taxonomy":"post_tag","embeddable":true,"href":"https:\/\/agora.xtec.cat\/ies-viladegracia\/wp-json\/wp\/v2\/tags?post=4724"}],"curies":[{"name":"wp","href":"https:\/\/api.w.org\/{rel}","templated":true}]}}