{"id":4633,"date":"2019-10-30T07:41:03","date_gmt":"2019-10-30T06:41:03","guid":{"rendered":"https:\/\/agora.xtec.cat\/ies-viladegracia\/?p=4633"},"modified":"2019-10-28T11:05:47","modified_gmt":"2019-10-28T10:05:47","slug":"sortida-de-1r-deso-al-cem-olimpia","status":"publish","type":"post","link":"https:\/\/agora.xtec.cat\/ies-viladegracia\/portada\/sortida-de-1r-deso-al-cem-olimpia\/","title":{"rendered":"Sortida de 1r d&#8217;ESO al CEM Ol\u00edmpia"},"content":{"rendered":"<p><a href=\"https:\/\/agora.xtec.cat\/ies-viladegracia\/wp-content\/uploads\/usu241\/2019\/10\/16715861-ef59-4e64-88f7-737cef2e4479.jpg\"><img loading=\"lazy\" decoding=\"async\" class=\"size-full wp-image-4625 alignleft\" src=\"https:\/\/agora.xtec.cat\/ies-viladegracia\/wp-content\/uploads\/usu241\/2019\/10\/16715861-ef59-4e64-88f7-737cef2e4479.jpg\" alt=\"\" width=\"640\" height=\"480\" srcset=\"https:\/\/agora.xtec.cat\/ies-viladegracia\/wp-content\/uploads\/usu241\/2019\/10\/16715861-ef59-4e64-88f7-737cef2e4479.jpg 640w, https:\/\/agora.xtec.cat\/ies-viladegracia\/wp-content\/uploads\/usu241\/2019\/10\/16715861-ef59-4e64-88f7-737cef2e4479-300x225.jpg 300w, https:\/\/agora.xtec.cat\/ies-viladegracia\/wp-content\/uploads\/usu241\/2019\/10\/16715861-ef59-4e64-88f7-737cef2e4479-200x150.jpg 200w\" sizes=\"auto, (max-width: 640px) 100vw, 640px\" \/><\/a> <a href=\"https:\/\/agora.xtec.cat\/ies-viladegracia\/wp-content\/uploads\/usu241\/2019\/10\/a5419e6a-6f73-4cf4-8db0-b81c165fc812.jpg\"><img loading=\"lazy\" decoding=\"async\" class=\"size-full wp-image-4626 alignleft\" src=\"https:\/\/agora.xtec.cat\/ies-viladegracia\/wp-content\/uploads\/usu241\/2019\/10\/a5419e6a-6f73-4cf4-8db0-b81c165fc812.jpg\" alt=\"\" width=\"640\" height=\"480\" srcset=\"https:\/\/agora.xtec.cat\/ies-viladegracia\/wp-content\/uploads\/usu241\/2019\/10\/a5419e6a-6f73-4cf4-8db0-b81c165fc812.jpg 640w, https:\/\/agora.xtec.cat\/ies-viladegracia\/wp-content\/uploads\/usu241\/2019\/10\/a5419e6a-6f73-4cf4-8db0-b81c165fc812-300x225.jpg 300w, https:\/\/agora.xtec.cat\/ies-viladegracia\/wp-content\/uploads\/usu241\/2019\/10\/a5419e6a-6f73-4cf4-8db0-b81c165fc812-200x150.jpg 200w\" sizes=\"auto, (max-width: 640px) 100vw, 640px\" \/><\/a>El divendres 25, l&#8217;alumnat de 1r d&#8217;ESO ,va visitar el\u00a0<a href=\"https:\/\/cemolimpia.com\/\" target=\"_blank\" rel=\"noopener noreferrer\" data-saferedirecturl=\"https:\/\/www.google.com\/url?q=https:\/\/cemolimpia.com\/&amp;source=gmail&amp;ust=1572343192312000&amp;usg=AFQjCNEHhkqT0LBsDqLIWlNd5hmcyvJdcQ\">CEM Ol\u00edmpia<\/a>\u00a0per entrar en contacte amb els esports de raqueta. La sortida va estar organitzada pel seminari d&#8217;Educaci\u00f3 F\u00edsica.\u00a0L&#8217;alumnat va estar acompanyat per la professora Laia Cabrol entre altres.<\/p>\n<p>El CEM Ol\u00edmpia, situat a la muntanya de Montju\u00efc, barri de Sant Mart\u00ed-Poblenou, disposa de pistes de tennis i p\u00e0del.<\/p>\n<p>&nbsp;<\/p>\n<p>&nbsp;<\/p>\n","protected":false},"excerpt":{"rendered":"<p><a href=\"https:\/\/agora.xtec.cat\/ies-viladegracia\/wp-content\/uploads\/usu241\/2019\/10\/16715861-ef59-4e64-88f7-737cef2e4479.jpg\"><\/a> <a href=\"https:\/\/agora.xtec.cat\/ies-viladegracia\/wp-content\/uploads\/usu241\/2019\/10\/a5419e6a-6f73-4cf4-8db0-b81c165fc812.jpg\"><\/a>El divendres 25, l&#8217;alumnat de 1r d&#8217;ESO ,va visitar el\u00a0<a href=\"https:\/\/cemolimpia.com\/\" target=\"_blank\" rel=\"noopener noreferrer\" data-saferedirecturl=\"https:\/\/www.google.com\/url?q=https:\/\/cemolimpia.com\/&amp;source=gmail&amp;ust=1572343192312000&amp;usg=AFQjCNEHhkqT0LBsDqLIWlNd5hmcyvJdcQ\">CEM Ol\u00edmpia<\/a>\u00a0per entrar en contacte amb els esports de raqueta. La sortida va estar organitzada pel seminari d&#8217;Educaci\u00f3 F\u00edsica.\u00a0L&#8217;alumnat va estar acompanyat per la professora Laia Cabrol entre&hellip;  <a href=\"https:\/\/agora.xtec.cat\/ies-viladegracia\/portada\/sortida-de-1r-deso-al-cem-olimpia\/\" title=\"Read Sortida de 1r d&#8217;ESO al CEM Ol\u00edmpia\">Llegeix m\u00e9s\u00bb<\/a><\/p>\n","protected":false},"author":1,"featured_media":4627,"comment_status":"open","ping_status":"closed","sticky":false,"template":"","format":"standard","meta":{"footnotes":""},"categories":[164,104,198,29,105],"tags":[1054,442,1053],"class_list":["post-4633","post","type-post","status-publish","format-standard","has-post-thumbnail","hentry","category-1r-eso","category-activitats","category-educacio-fisica","category-portada","category-sortides","tag-cem-olimpia","tag-padel","tag-tenis"],"post_mailing_queue_ids":[],"_links":{"self":[{"href":"https:\/\/agora.xtec.cat\/ies-viladegracia\/wp-json\/wp\/v2\/posts\/4633","targetHints":{"allow":["GET"]}}],"collection":[{"href":"https:\/\/agora.xtec.cat\/ies-viladegracia\/wp-json\/wp\/v2\/posts"}],"about":[{"href":"https:\/\/agora.xtec.cat\/ies-viladegracia\/wp-json\/wp\/v2\/types\/post"}],"author":[{"embeddable":true,"href":"https:\/\/agora.xtec.cat\/ies-viladegracia\/wp-json\/wp\/v2\/users\/1"}],"replies":[{"embeddable":true,"href":"https:\/\/agora.xtec.cat\/ies-viladegracia\/wp-json\/wp\/v2\/comments?post=4633"}],"version-history":[{"count":2,"href":"https:\/\/agora.xtec.cat\/ies-viladegracia\/wp-json\/wp\/v2\/posts\/4633\/revisions"}],"predecessor-version":[{"id":4646,"href":"https:\/\/agora.xtec.cat\/ies-viladegracia\/wp-json\/wp\/v2\/posts\/4633\/revisions\/4646"}],"wp:featuredmedia":[{"embeddable":true,"href":"https:\/\/agora.xtec.cat\/ies-viladegracia\/wp-json\/wp\/v2\/media\/4627"}],"wp:attachment":[{"href":"https:\/\/agora.xtec.cat\/ies-viladegracia\/wp-json\/wp\/v2\/media?parent=4633"}],"wp:term":[{"taxonomy":"category","embeddable":true,"href":"https:\/\/agora.xtec.cat\/ies-viladegracia\/wp-json\/wp\/v2\/categories?post=4633"},{"taxonomy":"post_tag","embeddable":true,"href":"https:\/\/agora.xtec.cat\/ies-viladegracia\/wp-json\/wp\/v2\/tags?post=4633"}],"curies":[{"name":"wp","href":"https:\/\/api.w.org\/{rel}","templated":true}]}}