{"id":4301,"date":"2019-05-29T12:45:55","date_gmt":"2019-05-29T10:45:55","guid":{"rendered":"http:\/\/agora.xtec.cat\/ies-viladegracia\/?p=4301"},"modified":"2019-05-29T12:45:55","modified_gmt":"2019-05-29T10:45:55","slug":"amnistia-internacional-parla-amb-3r-deso","status":"publish","type":"post","link":"https:\/\/agora.xtec.cat\/ies-viladegracia\/general\/amnistia-internacional-parla-amb-3r-deso\/","title":{"rendered":"Amnistia Internacional parla amb 3r d&#8217;ESO"},"content":{"rendered":"<p dir=\"ltr\"><a href=\"https:\/\/agora.xtec.cat\/ies-viladegracia\/wp-content\/uploads\/usu241\/2019\/05\/amnistiainternacional.jpg\"><img loading=\"lazy\" decoding=\"async\" class=\"size-full wp-image-4302 alignleft\" src=\"https:\/\/agora.xtec.cat\/ies-viladegracia\/wp-content\/uploads\/usu241\/2019\/05\/amnistiainternacional.jpg\" alt=\"\" width=\"600\" height=\"600\" srcset=\"https:\/\/agora.xtec.cat\/ies-viladegracia\/wp-content\/uploads\/usu241\/2019\/05\/amnistiainternacional.jpg 600w, https:\/\/agora.xtec.cat\/ies-viladegracia\/wp-content\/uploads\/usu241\/2019\/05\/amnistiainternacional-150x150.jpg 150w, https:\/\/agora.xtec.cat\/ies-viladegracia\/wp-content\/uploads\/usu241\/2019\/05\/amnistiainternacional-300x300.jpg 300w\" sizes=\"auto, (max-width: 600px) 100vw, 600px\" \/><\/a><a href=\"https:\/\/www.es.amnesty.org\/\">Amnistia Internacional<\/a> parla amb 3r d&#8217;ESO de la Pena de Mort. Est\u00e0 la vida per damunt de la llibertat dels \u00e9ssers humans?<\/p>\n<p>La <a href=\"https:\/\/ca.wikipedia.org\/wiki\/Pena_de_mort\"><b>pena de mort<\/b> o <b>pena capital<\/b><\/a> \u00e9s l&#8217;execuci\u00f3 d&#8217;una persona com a c\u00e0stig per un crim o delicte. Etimol\u00f2gicament, pena capital \u00e9s el c\u00e0stig imposat a un crim tan greu que mereix la decapitaci\u00f3.<\/p>\n<p>Segons l&#8217;informe anual d&#8217;execucions judicials d&#8217;Amnistia Internacional, l&#8217;any 2003 foren executades almanco 1.146 persones a 28 pa\u00efsos. El 84% de les morts documentades foren a quatre pa\u00efsos: la Rep\u00fablica Popular de la Xina n&#8217;efectu\u00e0 726, l&#8217;Iran 108, els Estats Units 65 i el Vietnam 64. El 2013 es van executar 788 persones arreu del m\u00f3n.<sup id=\"cite_ref-1\" class=\"reference\">[1]<\/sup> El 2015 van augmentar molt per disminuir el 2016.<\/p>\n","protected":false},"excerpt":{"rendered":"<p><a href=\"https:\/\/agora.xtec.cat\/ies-viladegracia\/wp-content\/uploads\/usu241\/2019\/05\/amnistiainternacional.jpg\"><\/a><a href=\"https:\/\/www.es.amnesty.org\/\">Amnistia Internacional<\/a> parla amb 3r d&#8217;ESO de la Pena de Mort. Est\u00e0 la vida per damunt de la llibertat dels \u00e9ssers humans?<br \/>\nLa <a href=\"https:\/\/ca.wikipedia.org\/wiki\/Pena_de_mort\">pena de mort o pena capital<\/a> \u00e9s l&#8217;execuci\u00f3 d&#8217;una persona com a c\u00e0stig per un crim o delicte. Etimol\u00f2gicament, pena&hellip;  <a href=\"https:\/\/agora.xtec.cat\/ies-viladegracia\/general\/amnistia-internacional-parla-amb-3r-deso\/\" title=\"Read Amnistia Internacional parla amb 3r d&#8217;ESO\">Llegeix m\u00e9s\u00bb<\/a><\/p>\n","protected":false},"author":1,"featured_media":4302,"comment_status":"open","ping_status":"closed","sticky":false,"template":"","format":"standard","meta":{"footnotes":""},"categories":[6,173,1,29,106],"tags":[314,984,894],"class_list":["post-4301","post","type-post","status-publish","format-standard","has-post-thumbnail","hentry","category-3r-eso","category-cultura-i-valors-etics","category-general","category-portada","category-tallers","tag-amnistia-internacional","tag-dret-a-la-vida","tag-pena-de-mort"],"post_mailing_queue_ids":[],"_links":{"self":[{"href":"https:\/\/agora.xtec.cat\/ies-viladegracia\/wp-json\/wp\/v2\/posts\/4301","targetHints":{"allow":["GET"]}}],"collection":[{"href":"https:\/\/agora.xtec.cat\/ies-viladegracia\/wp-json\/wp\/v2\/posts"}],"about":[{"href":"https:\/\/agora.xtec.cat\/ies-viladegracia\/wp-json\/wp\/v2\/types\/post"}],"author":[{"embeddable":true,"href":"https:\/\/agora.xtec.cat\/ies-viladegracia\/wp-json\/wp\/v2\/users\/1"}],"replies":[{"embeddable":true,"href":"https:\/\/agora.xtec.cat\/ies-viladegracia\/wp-json\/wp\/v2\/comments?post=4301"}],"version-history":[{"count":1,"href":"https:\/\/agora.xtec.cat\/ies-viladegracia\/wp-json\/wp\/v2\/posts\/4301\/revisions"}],"predecessor-version":[{"id":4303,"href":"https:\/\/agora.xtec.cat\/ies-viladegracia\/wp-json\/wp\/v2\/posts\/4301\/revisions\/4303"}],"wp:featuredmedia":[{"embeddable":true,"href":"https:\/\/agora.xtec.cat\/ies-viladegracia\/wp-json\/wp\/v2\/media\/4302"}],"wp:attachment":[{"href":"https:\/\/agora.xtec.cat\/ies-viladegracia\/wp-json\/wp\/v2\/media?parent=4301"}],"wp:term":[{"taxonomy":"category","embeddable":true,"href":"https:\/\/agora.xtec.cat\/ies-viladegracia\/wp-json\/wp\/v2\/categories?post=4301"},{"taxonomy":"post_tag","embeddable":true,"href":"https:\/\/agora.xtec.cat\/ies-viladegracia\/wp-json\/wp\/v2\/tags?post=4301"}],"curies":[{"name":"wp","href":"https:\/\/api.w.org\/{rel}","templated":true}]}}