{"id":4287,"date":"2019-05-24T09:16:45","date_gmt":"2019-05-24T07:16:45","guid":{"rendered":"http:\/\/agora.xtec.cat\/ies-viladegracia\/?p=4287"},"modified":"2019-05-24T09:16:45","modified_gmt":"2019-05-24T07:16:45","slug":"acte-de-comiat-de-2n-de-batxillerat","status":"publish","type":"post","link":"https:\/\/agora.xtec.cat\/ies-viladegracia\/comunitat-educativa\/nivells-educatius\/batxillerat\/acte-de-comiat-de-2n-de-batxillerat\/","title":{"rendered":"Acte de comiat de 2n de Batxillerat"},"content":{"rendered":"<p><a href=\"https:\/\/agora.xtec.cat\/ies-viladegracia\/wp-content\/uploads\/usu241\/2019\/05\/Mix2.jpg\"><img loading=\"lazy\" decoding=\"async\" class=\"size-full wp-image-4288 alignleft\" src=\"https:\/\/agora.xtec.cat\/ies-viladegracia\/wp-content\/uploads\/usu241\/2019\/05\/Mix2.jpg\" alt=\"\" width=\"600\" height=\"600\" srcset=\"https:\/\/agora.xtec.cat\/ies-viladegracia\/wp-content\/uploads\/usu241\/2019\/05\/Mix2.jpg 600w, https:\/\/agora.xtec.cat\/ies-viladegracia\/wp-content\/uploads\/usu241\/2019\/05\/Mix2-150x150.jpg 150w, https:\/\/agora.xtec.cat\/ies-viladegracia\/wp-content\/uploads\/usu241\/2019\/05\/Mix2-300x300.jpg 300w\" sizes=\"auto, (max-width: 600px) 100vw, 600px\" \/><\/a> <a href=\"https:\/\/agora.xtec.cat\/ies-viladegracia\/wp-content\/uploads\/usu241\/2019\/05\/Mix1.jpg\"><img loading=\"lazy\" decoding=\"async\" class=\"size-large wp-image-4289 alignleft\" src=\"https:\/\/agora.xtec.cat\/ies-viladegracia\/wp-content\/uploads\/usu241\/2019\/05\/Mix1.jpg\" alt=\"\" width=\"600\" height=\"600\" srcset=\"https:\/\/agora.xtec.cat\/ies-viladegracia\/wp-content\/uploads\/usu241\/2019\/05\/Mix1.jpg 600w, https:\/\/agora.xtec.cat\/ies-viladegracia\/wp-content\/uploads\/usu241\/2019\/05\/Mix1-150x150.jpg 150w, https:\/\/agora.xtec.cat\/ies-viladegracia\/wp-content\/uploads\/usu241\/2019\/05\/Mix1-300x300.jpg 300w\" sizes=\"auto, (max-width: 600px) 100vw, 600px\" \/><\/a> <a href=\"https:\/\/agora.xtec.cat\/ies-viladegracia\/wp-content\/uploads\/usu241\/2019\/05\/General.jpg\"><img loading=\"lazy\" decoding=\"async\" class=\"size-large wp-image-4290 alignleft\" src=\"https:\/\/agora.xtec.cat\/ies-viladegracia\/wp-content\/uploads\/usu241\/2019\/05\/General.jpg\" alt=\"\" width=\"650\" height=\"255\" srcset=\"https:\/\/agora.xtec.cat\/ies-viladegracia\/wp-content\/uploads\/usu241\/2019\/05\/General.jpg 650w, https:\/\/agora.xtec.cat\/ies-viladegracia\/wp-content\/uploads\/usu241\/2019\/05\/General-300x118.jpg 300w\" sizes=\"auto, (max-width: 650px) 100vw, 650px\" \/><\/a>Ahir dijous es va fer l&#8217;acte de comiat de 2n de Batxillerat. Enguany es va fer a l&#8217;Ajuntament de Districte de Gr\u00e0cia la primera part, que va comptar amb la pres\u00e8ncia de les fam\u00edlies, alumnat i professorat del centre. A continuaci\u00f3 es va continuar a l&#8217;institut, a on es va acabar la festa. Va ser un acte molt emotiu a on tothom va gaudir molt. Els trobarem a faltar.<\/p>\n","protected":false},"excerpt":{"rendered":"<p><a href=\"https:\/\/agora.xtec.cat\/ies-viladegracia\/wp-content\/uploads\/usu241\/2019\/05\/Mix2.jpg\"><\/a> <a href=\"https:\/\/agora.xtec.cat\/ies-viladegracia\/wp-content\/uploads\/usu241\/2019\/05\/Mix1.jpg\"><\/a> <a href=\"https:\/\/agora.xtec.cat\/ies-viladegracia\/wp-content\/uploads\/usu241\/2019\/05\/General.jpg\"><\/a>Ahir dijous es va fer l&#8217;acte de comiat de 2n de Batxillerat. Enguany es va fer a l&#8217;Ajuntament de Districte de Gr\u00e0cia la primera part, que va comptar amb la pres\u00e8ncia de les fam\u00edlies, alumnat i professorat del centre. A&hellip;  <a href=\"https:\/\/agora.xtec.cat\/ies-viladegracia\/comunitat-educativa\/nivells-educatius\/batxillerat\/acte-de-comiat-de-2n-de-batxillerat\/\" title=\"Read Acte de comiat de 2n de Batxillerat\">Llegeix m\u00e9s\u00bb<\/a><\/p>\n","protected":false},"author":1,"featured_media":4290,"comment_status":"open","ping_status":"closed","sticky":false,"template":"","format":"standard","meta":{"footnotes":""},"categories":[104,8,107,125,29],"tags":[480,472],"class_list":["post-4287","post","type-post","status-publish","format-standard","has-post-thumbnail","hentry","category-activitats","category-batxillerat","category-celebracions","category-departaments-i-seminaris","category-portada","tag-comiat","tag-els-nostres-alumnes-son-molt-cracks"],"post_mailing_queue_ids":[],"_links":{"self":[{"href":"https:\/\/agora.xtec.cat\/ies-viladegracia\/wp-json\/wp\/v2\/posts\/4287","targetHints":{"allow":["GET"]}}],"collection":[{"href":"https:\/\/agora.xtec.cat\/ies-viladegracia\/wp-json\/wp\/v2\/posts"}],"about":[{"href":"https:\/\/agora.xtec.cat\/ies-viladegracia\/wp-json\/wp\/v2\/types\/post"}],"author":[{"embeddable":true,"href":"https:\/\/agora.xtec.cat\/ies-viladegracia\/wp-json\/wp\/v2\/users\/1"}],"replies":[{"embeddable":true,"href":"https:\/\/agora.xtec.cat\/ies-viladegracia\/wp-json\/wp\/v2\/comments?post=4287"}],"version-history":[{"count":1,"href":"https:\/\/agora.xtec.cat\/ies-viladegracia\/wp-json\/wp\/v2\/posts\/4287\/revisions"}],"predecessor-version":[{"id":4291,"href":"https:\/\/agora.xtec.cat\/ies-viladegracia\/wp-json\/wp\/v2\/posts\/4287\/revisions\/4291"}],"wp:featuredmedia":[{"embeddable":true,"href":"https:\/\/agora.xtec.cat\/ies-viladegracia\/wp-json\/wp\/v2\/media\/4290"}],"wp:attachment":[{"href":"https:\/\/agora.xtec.cat\/ies-viladegracia\/wp-json\/wp\/v2\/media?parent=4287"}],"wp:term":[{"taxonomy":"category","embeddable":true,"href":"https:\/\/agora.xtec.cat\/ies-viladegracia\/wp-json\/wp\/v2\/categories?post=4287"},{"taxonomy":"post_tag","embeddable":true,"href":"https:\/\/agora.xtec.cat\/ies-viladegracia\/wp-json\/wp\/v2\/tags?post=4287"}],"curies":[{"name":"wp","href":"https:\/\/api.w.org\/{rel}","templated":true}]}}